{"id":45446,"date":"2026-04-16T11:26:50","date_gmt":"2026-04-16T11:26:50","guid":{"rendered":"https:\/\/blogseyir.com\/wp\/?p=45446"},"modified":"2026-04-16T11:26:51","modified_gmt":"2026-04-16T11:26:51","slug":"aksident-i-rende-kamioni-perplaset-me-furgonin-frigoriferik-vds-shoferine-gjendje-te-rende-dikush-tjeter","status":"publish","type":"post","link":"https:\/\/blogseyir.com\/wp\/aksident-i-rende-kamioni-perplaset-me-furgonin-frigoriferik-vds-shoferine-gjendje-te-rende-dikush-tjeter\/","title":{"rendered":"Aksident i r\u00ebnd\u00eb, kamioni p\u00ebrplaset me furgonin frigoriferik, vd*s shoferi,ne gjendje te rende dikush tjeter!"},"content":{"rendered":"<p>Nj\u00eb aksident i r\u00ebnd\u00eb ka ndodhur pak or\u00eb m\u00eb par\u00eb n\u00eb Friuli t\u00eb Italis\u00eb, me bilanc nj\u00eb t\u00eb vdekur dhe nj\u00eb t\u00eb plagosur.<\/p>\n<p>I plagosuri \u00ebsht\u00eb nj\u00eb shofer shqiptar, q\u00eb u transportua me urgjenc\u00eb me nj\u00eb helikopter drejt spitalit n\u00eb Udine. Kurse viktima \u00ebsht\u00eb nj\u00eb shtetas italian.<\/p>\n<p>Policia b\u00ebri me dije se p\u00ebrplasja e dhunshme ndodhi mes nj\u00eb kamioni t\u00eb drejtuar nga shqiptari (foto) dhe nj\u00eb furgoni frigoriferik t\u00eb drejtuar nga viktima, n\u00eb zon\u00ebn e Marianos.<\/p>\n<p>Gjendja e shoferit shqiptar raportohet se \u00ebsht\u00eb e r\u00ebnd\u00eb dhe mjek\u00ebt po b\u00ebjn\u00eb p\u00ebrpjekje p\u00ebr ta mbajtur n\u00eb jet\u00eb, kurse emri i tij nuk b\u00ebhet i ditur.<\/p>\n<p>\u201cP\u00ebrplasja ishte jasht\u00ebzakonisht e dhunshme dhe shoferi i furgonit frigoriferik, nj\u00eb 48-vje\u00e7ar nga Udine, vdiq menj\u00ebher\u00eb. Shoferi tjet\u00ebr, nj\u00eb banor shqiptar i Mansu\u00e8-s, u transportua me helikopter n\u00eb Cattinara\u201d, njoftoi media e vendit fqinj.<\/p>\n<div id=\"blogs-340571219\" class=\"blogs-after-content blogs-entity-placement\"><div id=\"div-gpt-ad-1770230601260-0\" style=\"width:300px; height:600px;\"><\/div><\/div><div id=\"blogs-3041010839\" class=\"blogs-adsense-after-kontent blogs-entity-placement\"><script async src=\"https:\/\/pagead2.googlesyndication.com\/pagead\/js\/adsbygoogle.js\"\r\n     crossorigin=\"anonymous\"><\/script>\r\n<!-- Tiranaread -->\r\n<ins class=\"adsbygoogle\"\r\n     style=\"display:inline-block;width:728px;height:90px\"\r\n     data-ad-client=\"ca-pub-2355142065052501\"\r\n\t data-page-url=\"https:\/\/blogseyir.com\"\r\n     data-ad-slot=\"7464751963\"><\/ins>\r\n<script>\r\n     (adsbygoogle = window.adsbygoogle || []).push({});\r\n<\/script><\/div>","protected":false},"excerpt":{"rendered":"<p>Nj\u00eb aksident i r\u00ebnd\u00eb ka ndodhur pak or\u00eb m\u00eb par\u00eb n\u00eb Friuli t\u00eb Italis\u00eb, me bilanc nj\u00eb t\u00eb vdekur dhe nj\u00eb t\u00eb plagosur. I plagosuri \u00ebsht\u00eb nj\u00eb shofer shqiptar, q\u00eb u transportua me urgjenc\u00eb me nj\u00eb helikopter drejt spitalit n\u00eb Udine. Kurse viktima \u00ebsht\u00eb nj\u00eb shtetas italian. Policia b\u00ebri me dije se p\u00ebrplasja e dhunshme [&hellip;]<\/p>\n","protected":false},"author":1,"featured_media":45448,"comment_status":"open","ping_status":"closed","sticky":false,"template":"","format":"standard","meta":{"footnotes":""},"categories":[32],"tags":[183,40,41],"class_list":["post-45446","post","type-post","status-publish","format-standard","has-post-thumbnail","hentry","category-te-fundit","tag-aksident","tag-te-fundit","tag-vdekje"],"_links":{"self":[{"href":"https:\/\/blogseyir.com\/wp\/wp-json\/wp\/v2\/posts\/45446","targetHints":{"allow":["GET"]}}],"collection":[{"href":"https:\/\/blogseyir.com\/wp\/wp-json\/wp\/v2\/posts"}],"about":[{"href":"https:\/\/blogseyir.com\/wp\/wp-json\/wp\/v2\/types\/post"}],"author":[{"embeddable":true,"href":"https:\/\/blogseyir.com\/wp\/wp-json\/wp\/v2\/users\/1"}],"replies":[{"embeddable":true,"href":"https:\/\/blogseyir.com\/wp\/wp-json\/wp\/v2\/comments?post=45446"}],"version-history":[{"count":1,"href":"https:\/\/blogseyir.com\/wp\/wp-json\/wp\/v2\/posts\/45446\/revisions"}],"predecessor-version":[{"id":45447,"href":"https:\/\/blogseyir.com\/wp\/wp-json\/wp\/v2\/posts\/45446\/revisions\/45447"}],"wp:featuredmedia":[{"embeddable":true,"href":"https:\/\/blogseyir.com\/wp\/wp-json\/wp\/v2\/media\/45448"}],"wp:attachment":[{"href":"https:\/\/blogseyir.com\/wp\/wp-json\/wp\/v2\/media?parent=45446"}],"wp:term":[{"taxonomy":"category","embeddable":true,"href":"https:\/\/blogseyir.com\/wp\/wp-json\/wp\/v2\/categories?post=45446"},{"taxonomy":"post_tag","embeddable":true,"href":"https:\/\/blogseyir.com\/wp\/wp-json\/wp\/v2\/tags?post=45446"}],"curies":[{"name":"wp","href":"https:\/\/api.w.org\/{rel}","templated":true}]}}