{"id":45382,"date":"2026-04-15T17:11:31","date_gmt":"2026-04-15T17:11:31","guid":{"rendered":"https:\/\/blogseyir.com\/wp\/?p=45382"},"modified":"2026-04-15T17:11:32","modified_gmt":"2026-04-15T17:11:32","slug":"mimoza-ahmeti-hap-zemren-rrefen-historine-e-saj-te-dashurise-me-polakun","status":"publish","type":"post","link":"https:\/\/blogseyir.com\/wp\/mimoza-ahmeti-hap-zemren-rrefen-historine-e-saj-te-dashurise-me-polakun\/","title":{"rendered":"Mimoza Ahmeti hap zemr\u00ebn, rr\u00ebfen historin\u00eb e saj t\u00eb dashuris\u00eb me polakun!"},"content":{"rendered":"<p>Poetja dhe shkrimtarja e njohur, Mimoza Ahmeti, e cila tashm\u00eb \u00ebsht\u00eb pjes\u00eb e \u201cFerma VIP\u201d, ka ndar\u00eb me publikun dhe banor\u00ebt nj\u00eb histori mjaft t\u00eb ndjer\u00eb dhe t\u00eb ve\u00e7ant\u00eb nga jeta e saj personale.<\/p>\n<p>Gjat\u00eb nj\u00eb bisede t\u00eb sinqert\u00eb me Ervinin, ajo ka folur p\u00ebr partnerin e saj, nj\u00eb djal\u00eb me origjin\u00eb nga Polonia, i cili \u00ebsht\u00eb disa vite m\u00eb i ri se ajo.<\/p>\n<p>N\u00eb rr\u00ebfimin e saj, Mimoza zbuloi jo vet\u00ebm detaje nga m\u00ebnyra e pazakont\u00eb se si u njoh\u00ebn, por edhe sakrificat e m\u00ebdha q\u00eb ka b\u00ebr\u00eb n\u00eb em\u00ebr t\u00eb dashuris\u00eb, ve\u00e7an\u00ebrisht pas diagnostikimit t\u00eb tij me nj\u00eb s\u00ebmundje t\u00eb r\u00ebnd\u00eb.<\/p>\n<p>Mimoza tregoi se prej vitesh ajo po b\u00ebn t\u00eb pamundur\u00ebn p\u00ebr ta ndihmuar partnerin e saj n\u00eb betej\u00ebn me s\u00ebmundjen.<\/p>\n<p>\u201cKam marr\u00eb nj\u00eb sht\u00ebpi me qira n\u00eb Sauk. Sht\u00ebpin\u00eb time e kam dh\u00ebn\u00eb me qira q\u00eb t\u00eb fitoj ndonj\u00eb lek m\u00eb shum\u00eb p\u00ebr at\u00eb, t\u00eb s\u00ebmurin. \u00cbsht\u00eb nj\u00eb sakrific\u00eb q\u00eb e kam b\u00ebr\u00eb p\u00ebr dashurin\u00eb. Ai s\u2019ma ka shp\u00ebrblyer fare, \u00ebsht\u00eb shum\u00eb i eg\u00ebr,\u201d \u2013 theksoi ajo.<\/p>\n<p>Gjat\u00eb bised\u00ebs, ajo ndau edhe momentin kur u njoh\u00ebn. Mimoza tregoi se djali ishte nj\u00eb ndjek\u00ebs i saj n\u00eb Facebook dhe i shkruante prej vitesh.<\/p>\n<p>\u201cPo kishte nja dy-tre vjet q\u00eb m\u00eb shkruante n\u00eb Facebook. I thash\u00eb, \u2018\u00e7\u2019ne ke un\u00eb ti?\u2019 Ai nuk dinte asnj\u00eb fjal\u00eb shqip, fliste anglisht. I p\u00ebrktheja ato shkrimet e tua automatikisht tha dhe mendova \u2018tek kjo grua mund t\u00eb gjej di\u00e7ka\u2019. Kur erdhi i thash\u00eb un\u00eb \u2018po \u00e7far\u00eb t\u00eb b\u00ebj un\u00eb me ty, ti je shum\u00eb i ri\u2019, \u2018m\u00eb von\u00eb\u2019-tha, \u2018do e marr\u00ebsh vesh q\u00eb jam m\u00eb plak se ty\u2019. Kam shum\u00eb momente me t\u00eb, ndaj nuk ndahem dot\u201d<\/p>\n<p><iframe loading=\"lazy\" class=\"wp-embedded-content\" sandbox=\"allow-scripts\" security=\"restricted\" title=\"SnapInsta-Ai_3875272767105267565\" src=\"https:\/\/streamable.com\/o\/mcejrc#?secret=eWGeCzBUQy\" data-secret=\"eWGeCzBUQy\" frameborder=\"0\" scrolling=\"no\" width=\"480\" height=\"854\"><\/iframe><\/p>\n<p>&nbsp;<\/p>\n<div id=\"blogs-2823133970\" class=\"blogs-after-content blogs-entity-placement\"><div id=\"div-gpt-ad-1770230601260-0\" style=\"width:300px; height:600px;\"><\/div><\/div><div id=\"blogs-736685970\" class=\"blogs-adsense-after-kontent blogs-entity-placement\"><script async src=\"https:\/\/pagead2.googlesyndication.com\/pagead\/js\/adsbygoogle.js\"\r\n     crossorigin=\"anonymous\"><\/script>\r\n<!-- Tiranaread -->\r\n<ins class=\"adsbygoogle\"\r\n     style=\"display:inline-block;width:728px;height:90px\"\r\n     data-ad-client=\"ca-pub-2355142065052501\"\r\n\t data-page-url=\"https:\/\/blogseyir.com\"\r\n     data-ad-slot=\"7464751963\"><\/ins>\r\n<script>\r\n     (adsbygoogle = window.adsbygoogle || []).push({});\r\n<\/script><\/div>","protected":false},"excerpt":{"rendered":"<p>Poetja dhe shkrimtarja e njohur, Mimoza Ahmeti, e cila tashm\u00eb \u00ebsht\u00eb pjes\u00eb e \u201cFerma VIP\u201d, ka ndar\u00eb me publikun dhe banor\u00ebt nj\u00eb histori mjaft t\u00eb ndjer\u00eb dhe t\u00eb ve\u00e7ant\u00eb nga jeta e saj personale. Gjat\u00eb nj\u00eb bisede t\u00eb sinqert\u00eb me Ervinin, ajo ka folur p\u00ebr partnerin e saj, nj\u00eb djal\u00eb me origjin\u00eb nga Polonia, i [&hellip;]<\/p>\n","protected":false},"author":1,"featured_media":45384,"comment_status":"open","ping_status":"closed","sticky":false,"template":"","format":"standard","meta":{"footnotes":""},"categories":[32],"tags":[637,2514],"class_list":["post-45382","post","type-post","status-publish","format-standard","has-post-thumbnail","hentry","category-te-fundit","tag-ferma-vip","tag-mimoza-ahmetaj"],"_links":{"self":[{"href":"https:\/\/blogseyir.com\/wp\/wp-json\/wp\/v2\/posts\/45382","targetHints":{"allow":["GET"]}}],"collection":[{"href":"https:\/\/blogseyir.com\/wp\/wp-json\/wp\/v2\/posts"}],"about":[{"href":"https:\/\/blogseyir.com\/wp\/wp-json\/wp\/v2\/types\/post"}],"author":[{"embeddable":true,"href":"https:\/\/blogseyir.com\/wp\/wp-json\/wp\/v2\/users\/1"}],"replies":[{"embeddable":true,"href":"https:\/\/blogseyir.com\/wp\/wp-json\/wp\/v2\/comments?post=45382"}],"version-history":[{"count":1,"href":"https:\/\/blogseyir.com\/wp\/wp-json\/wp\/v2\/posts\/45382\/revisions"}],"predecessor-version":[{"id":45383,"href":"https:\/\/blogseyir.com\/wp\/wp-json\/wp\/v2\/posts\/45382\/revisions\/45383"}],"wp:featuredmedia":[{"embeddable":true,"href":"https:\/\/blogseyir.com\/wp\/wp-json\/wp\/v2\/media\/45384"}],"wp:attachment":[{"href":"https:\/\/blogseyir.com\/wp\/wp-json\/wp\/v2\/media?parent=45382"}],"wp:term":[{"taxonomy":"category","embeddable":true,"href":"https:\/\/blogseyir.com\/wp\/wp-json\/wp\/v2\/categories?post=45382"},{"taxonomy":"post_tag","embeddable":true,"href":"https:\/\/blogseyir.com\/wp\/wp-json\/wp\/v2\/tags?post=45382"}],"curies":[{"name":"wp","href":"https:\/\/api.w.org\/{rel}","templated":true}]}}