{"id":45318,"date":"2026-04-14T20:09:43","date_gmt":"2026-04-14T20:09:43","guid":{"rendered":"https:\/\/blogseyir.com\/wp\/?p=45318"},"modified":"2026-04-14T20:09:44","modified_gmt":"2026-04-14T20:09:44","slug":"brikena-reagon-per-here-te-pare-pas-daljes-nga-bbv","status":"publish","type":"post","link":"https:\/\/blogseyir.com\/wp\/brikena-reagon-per-here-te-pare-pas-daljes-nga-bbv\/","title":{"rendered":"Brikena reagon p\u00ebr her\u00eb t\u00eb par\u00eb pas daljes nga BBV"},"content":{"rendered":"<p>Brikena ka reaguar p\u00ebr her\u00eb t\u00eb par\u00eb pas daljes s\u00eb saj nga sht\u00ebpia e Big Brother VIP.<\/p>\n<p>E ftuar mbr\u00ebmjen e sotme n\u00eb \u2018Fan Club\u2019, ish-banorja e Big Brother VIP \u00ebsht\u00eb shprehur se pas daljes nga sht\u00ebpia,<\/p>\n<p>ka pasur mund\u00ebsi t\u00eb komunikoj\u00eb edhe me familjar\u00ebt e Mateos, me t\u00eb cilin nisi nj\u00eb raport dashurie nd\u00ebrsa ishte pjes\u00eb e reality show-t.<\/p>\n<p>Ajo shtoi gjithashtu se familja e saj ka qen\u00eb shum\u00eb mb\u00ebshtet\u00ebse p\u00ebr raportin e saj me Mateon.<\/p>\n<p>\u201cQ\u00eb kur kam dal\u00eb, kam marr\u00eb shum\u00eb dashuri nga publiku dhe familja. Nuk m\u00eb besohet q\u00eb kam dal\u00eb. T\u00eb them t\u00eb drejt\u00ebn, para se t\u00eb hyja brenda nuk e dija q\u00eb do dilja \u00e7ift nga ky program.<\/p>\n<p>P\u00ebr mua ka qen\u00eb nj\u00eb rrug\u00ebtim shum\u00eb i paparashikuesh\u00ebm dhe me shum\u00eb emocione. Un\u00eb nuk dola e humbur nga ai program, p\u00ebrkundrazi, fitova dashurin\u00eb. Kur dola, kuptova q\u00eb ndoshta nuk e kam merituar finalen, por mb\u00ebshtetjen q\u00eb m\u00eb ka dh\u00ebn\u00eb publiku e kam merituar dhe do t\u00eb doja t\u00eb isha n\u00eb finale.<\/p>\n<p>Raporti yn\u00eb ka pasur shum\u00eb ulje-ngritje, por \u00e7do gj\u00eb ka qen\u00eb shum\u00eb spontane. Ai ka qen\u00eb shum\u00eb rezistent ndaj k\u00ebtij raporti. Familja ime e do shum\u00eb Mateon dhe mezi presin ta takojn\u00eb.<\/p>\n<p>Kur dola, p\u00ebrsh\u00ebndeta familjar\u00ebt e Mateos, fola edhe me motr\u00ebn e tij. Jan\u00eb nj\u00eb familje shum\u00eb e mir\u00eb dhe mezi pres t\u2019i takoj\u201d, u shpreh Brikena.<\/p>\n<div id=\"blogs-1505471789\" class=\"blogs-after-content blogs-entity-placement\"><div id=\"div-gpt-ad-1770230601260-0\" style=\"width:300px; height:600px;\"><\/div><\/div><div id=\"blogs-2712863076\" class=\"blogs-adsense-after-kontent blogs-entity-placement\"><script async src=\"https:\/\/pagead2.googlesyndication.com\/pagead\/js\/adsbygoogle.js\"\r\n     crossorigin=\"anonymous\"><\/script>\r\n<!-- Tiranaread -->\r\n<ins class=\"adsbygoogle\"\r\n     style=\"display:inline-block;width:728px;height:90px\"\r\n     data-ad-client=\"ca-pub-2355142065052501\"\r\n\t data-page-url=\"https:\/\/blogseyir.com\"\r\n     data-ad-slot=\"7464751963\"><\/ins>\r\n<script>\r\n     (adsbygoogle = window.adsbygoogle || []).push({});\r\n<\/script><\/div>","protected":false},"excerpt":{"rendered":"<p>Brikena ka reaguar p\u00ebr her\u00eb t\u00eb par\u00eb pas daljes s\u00eb saj nga sht\u00ebpia e Big Brother VIP. E ftuar mbr\u00ebmjen e sotme n\u00eb \u2018Fan Club\u2019, ish-banorja e Big Brother VIP \u00ebsht\u00eb shprehur se pas daljes nga sht\u00ebpia, ka pasur mund\u00ebsi t\u00eb komunikoj\u00eb edhe me familjar\u00ebt e Mateos, me t\u00eb cilin nisi nj\u00eb raport dashurie nd\u00ebrsa [&hellip;]<\/p>\n","protected":false},"author":1,"featured_media":45320,"comment_status":"open","ping_status":"closed","sticky":false,"template":"","format":"standard","meta":{"footnotes":""},"categories":[33],"tags":[2260],"class_list":["post-45318","post","type-post","status-publish","format-standard","has-post-thumbnail","hentry","category-showbizi","tag-brikena"],"_links":{"self":[{"href":"https:\/\/blogseyir.com\/wp\/wp-json\/wp\/v2\/posts\/45318","targetHints":{"allow":["GET"]}}],"collection":[{"href":"https:\/\/blogseyir.com\/wp\/wp-json\/wp\/v2\/posts"}],"about":[{"href":"https:\/\/blogseyir.com\/wp\/wp-json\/wp\/v2\/types\/post"}],"author":[{"embeddable":true,"href":"https:\/\/blogseyir.com\/wp\/wp-json\/wp\/v2\/users\/1"}],"replies":[{"embeddable":true,"href":"https:\/\/blogseyir.com\/wp\/wp-json\/wp\/v2\/comments?post=45318"}],"version-history":[{"count":1,"href":"https:\/\/blogseyir.com\/wp\/wp-json\/wp\/v2\/posts\/45318\/revisions"}],"predecessor-version":[{"id":45319,"href":"https:\/\/blogseyir.com\/wp\/wp-json\/wp\/v2\/posts\/45318\/revisions\/45319"}],"wp:featuredmedia":[{"embeddable":true,"href":"https:\/\/blogseyir.com\/wp\/wp-json\/wp\/v2\/media\/45320"}],"wp:attachment":[{"href":"https:\/\/blogseyir.com\/wp\/wp-json\/wp\/v2\/media?parent=45318"}],"wp:term":[{"taxonomy":"category","embeddable":true,"href":"https:\/\/blogseyir.com\/wp\/wp-json\/wp\/v2\/categories?post=45318"},{"taxonomy":"post_tag","embeddable":true,"href":"https:\/\/blogseyir.com\/wp\/wp-json\/wp\/v2\/tags?post=45318"}],"curies":[{"name":"wp","href":"https:\/\/api.w.org\/{rel}","templated":true}]}}