{"id":45306,"date":"2026-04-14T16:51:38","date_gmt":"2026-04-14T16:51:38","guid":{"rendered":"https:\/\/blogseyir.com\/wp\/?p=45306"},"modified":"2026-04-14T16:51:39","modified_gmt":"2026-04-14T16:51:39","slug":"zbulohet-i-dashuri-i-vaneses-fshin-fotot-pas-afrimitetit-me-indrin-ja-e-verteta","status":"publish","type":"post","link":"https:\/\/blogseyir.com\/wp\/zbulohet-i-dashuri-i-vaneses-fshin-fotot-pas-afrimitetit-me-indrin-ja-e-verteta\/","title":{"rendered":"Zbulohet i dashuri i Vanes\u00ebs, fshin fotot pas afrimitetit me Indrin? Ja e v\u00ebrteta!"},"content":{"rendered":"<p>Afrimiteti mes Vanes\u00ebs dhe Indrit n\u00eb \u201cFerma VIP\u201d ka kthyer jet\u00ebn e saj personale n\u00eb kryefjal\u00ebn e mediave roz\u00eb dit\u00ebt e fundit.<\/p>\n<p>S\u00eb fundmi, n\u00eb rrjetet sociale dhe portale t\u00eb ndryshme u p\u00ebrhap me shpejt\u00ebsi nj\u00eb lajm, ku pretendohej se ishte zbuluar identiteti i t\u00eb dashurit t\u00eb saj.<\/p>\n<p>Sipas k\u00ebtyre lajmeve (t\u00eb shoq\u00ebruara me disa imazhe), thuhej se \u201cpartneri\u201d i saj kishte fshir\u00eb t\u00eb gjitha fotot dhe videot q\u00eb kishin bashk\u00eb, si nj\u00eb reagim i ashp\u00ebr ndaj afrimitetit t\u00eb Vanes\u00ebs me Indrin brenda ferm\u00ebs. Por, e gjith\u00eb kjo zhurm\u00eb mediatike rezulton t\u00eb jet\u00eb nj\u00eb lajm i rrem\u00eb!<\/p>\n<p>E v\u00ebrteta \u00ebsht\u00eb se djali q\u00eb shfaqet n\u00eb fotot dhe videot q\u00eb po b\u00ebjn\u00eb xhiron e rrjetit, nuk \u00ebsht\u00eb aspak i dashuri i saj, por n\u00eb fakt \u00ebsht\u00eb v\u00ebllai i Vanes\u00ebs.<\/p>\n<p><img loading=\"lazy\" decoding=\"async\" class=\"alignnone size-full wp-image-11875\" src=\"https:\/\/post.gazetatirana.com\/wp-content\/uploads\/2026\/04\/image-184.webp\" alt=\"\" width=\"499\" height=\"692\" \/><\/p>\n<p>P\u00ebr sa i p\u00ebrket partnerit t\u00eb saj t\u00eb v\u00ebrtet\u00eb, misteri mbetet i pazgjidhur. Vet\u00eb Vanesa e ka sqaruar m\u00eb par\u00eb k\u00ebt\u00eb pjes\u00eb brenda sht\u00ebpis\u00eb, duke treguar se i dashuri i saj \u00ebsht\u00eb nj\u00eb person shum\u00eb privat dhe hermetik, i cili nuk ka d\u00ebshir\u00eb t\u00eb ekspozohet dhe madje nuk zot\u00ebron as llogari n\u00eb rrjetet sociale.<\/p>\n<div id=\"blogs-2325533572\" class=\"blogs-after-content blogs-entity-placement\"><div id=\"div-gpt-ad-1770230601260-0\" style=\"width:300px; height:600px;\"><\/div><\/div><div id=\"blogs-3903123236\" class=\"blogs-adsense-after-kontent blogs-entity-placement\"><script async src=\"https:\/\/pagead2.googlesyndication.com\/pagead\/js\/adsbygoogle.js\"\r\n     crossorigin=\"anonymous\"><\/script>\r\n<!-- Tiranaread -->\r\n<ins class=\"adsbygoogle\"\r\n     style=\"display:inline-block;width:728px;height:90px\"\r\n     data-ad-client=\"ca-pub-2355142065052501\"\r\n\t data-page-url=\"https:\/\/blogseyir.com\"\r\n     data-ad-slot=\"7464751963\"><\/ins>\r\n<script>\r\n     (adsbygoogle = window.adsbygoogle || []).push({});\r\n<\/script><\/div>","protected":false},"excerpt":{"rendered":"<p>Afrimiteti mes Vanes\u00ebs dhe Indrit n\u00eb \u201cFerma VIP\u201d ka kthyer jet\u00ebn e saj personale n\u00eb kryefjal\u00ebn e mediave roz\u00eb dit\u00ebt e fundit. S\u00eb fundmi, n\u00eb rrjetet sociale dhe portale t\u00eb ndryshme u p\u00ebrhap me shpejt\u00ebsi nj\u00eb lajm, ku pretendohej se ishte zbuluar identiteti i t\u00eb dashurit t\u00eb saj. Sipas k\u00ebtyre lajmeve (t\u00eb shoq\u00ebruara me disa [&hellip;]<\/p>\n","protected":false},"author":1,"featured_media":45308,"comment_status":"open","ping_status":"closed","sticky":false,"template":"","format":"standard","meta":{"footnotes":""},"categories":[32],"tags":[637,647,2532],"class_list":["post-45306","post","type-post","status-publish","format-standard","has-post-thumbnail","hentry","category-te-fundit","tag-ferma-vip","tag-indriti","tag-vanesa"],"_links":{"self":[{"href":"https:\/\/blogseyir.com\/wp\/wp-json\/wp\/v2\/posts\/45306","targetHints":{"allow":["GET"]}}],"collection":[{"href":"https:\/\/blogseyir.com\/wp\/wp-json\/wp\/v2\/posts"}],"about":[{"href":"https:\/\/blogseyir.com\/wp\/wp-json\/wp\/v2\/types\/post"}],"author":[{"embeddable":true,"href":"https:\/\/blogseyir.com\/wp\/wp-json\/wp\/v2\/users\/1"}],"replies":[{"embeddable":true,"href":"https:\/\/blogseyir.com\/wp\/wp-json\/wp\/v2\/comments?post=45306"}],"version-history":[{"count":1,"href":"https:\/\/blogseyir.com\/wp\/wp-json\/wp\/v2\/posts\/45306\/revisions"}],"predecessor-version":[{"id":45307,"href":"https:\/\/blogseyir.com\/wp\/wp-json\/wp\/v2\/posts\/45306\/revisions\/45307"}],"wp:featuredmedia":[{"embeddable":true,"href":"https:\/\/blogseyir.com\/wp\/wp-json\/wp\/v2\/media\/45308"}],"wp:attachment":[{"href":"https:\/\/blogseyir.com\/wp\/wp-json\/wp\/v2\/media?parent=45306"}],"wp:term":[{"taxonomy":"category","embeddable":true,"href":"https:\/\/blogseyir.com\/wp\/wp-json\/wp\/v2\/categories?post=45306"},{"taxonomy":"post_tag","embeddable":true,"href":"https:\/\/blogseyir.com\/wp\/wp-json\/wp\/v2\/tags?post=45306"}],"curies":[{"name":"wp","href":"https:\/\/api.w.org\/{rel}","templated":true}]}}