{"id":44987,"date":"2026-04-09T17:40:37","date_gmt":"2026-04-09T17:40:37","guid":{"rendered":"https:\/\/blogseyir.com\/wp\/?p=44987"},"modified":"2026-04-09T17:40:38","modified_gmt":"2026-04-09T17:40:38","slug":"miri-i-trembet-divorcit-nga-bashkeshortja-ja-cfare-deklaroi-pas-perplasjes-me-mateon-video","status":"publish","type":"post","link":"https:\/\/blogseyir.com\/wp\/miri-i-trembet-divorcit-nga-bashkeshortja-ja-cfare-deklaroi-pas-perplasjes-me-mateon-video\/","title":{"rendered":"Miri i trembet divorcit nga bashk\u00ebshortja? Ja \u00e7far\u00eb deklaroi pas p\u00ebrplasjes me Mateon (Video)"},"content":{"rendered":"<p>Dinamikat dhe debatet brenda sht\u00ebpis\u00eb s\u00eb \u201cBig Brother VIP Albania\u201d po b\u00ebhen gjithnj\u00eb e m\u00eb t\u00eb ashpra, duke prekur shpesh edhe jet\u00ebn personale t\u00eb banor\u00ebve jasht\u00eb formatit.<\/p>\n<p>Nj\u00eb nga p\u00ebrplasjet m\u00eb t\u00eb forta dhe t\u00eb vazhdueshme mbetet ajo mes Mirit dhe Mateos, e cila s\u00eb fundmi ka marr\u00eb nj\u00eb rrjedh\u00eb mjaft delikate.<\/p>\n<p>Gjat\u00eb gjith\u00eb q\u00ebndrimit n\u00eb sht\u00ebpi, Mateo e ka akuzuar vazhdimisht Mirin se ka krijuar nj\u00eb p\u00eblqim dhe ndjenja t\u00eb v\u00ebrteta p\u00ebr Selin\u00ebn, duke e vendosur shpesh n\u00eb qend\u00ebr t\u00eb sulmeve dhe interpretimeve p\u00ebr k\u00ebt\u00eb raport.<\/p>\n<p>K\u00ebto deklarata t\u00eb p\u00ebrs\u00ebritura duket se e kan\u00eb r\u00ebnduar psikologjikisht Mirin, i cili i trembet gjithnj\u00eb e m\u00eb shum\u00eb ndikimit q\u00eb kjo situat\u00eb po jep te bashk\u00ebshortja dhe familja e tij jasht\u00eb.<\/p>\n<p>N\u00eb nj\u00eb debat t\u00eb nxeht\u00eb t\u00eb zhvilluar s\u00eb fundmi, Miri nuk ka duruar m\u00eb dhe ka shp\u00ebrthyer ndaj Mateos, duke i l\u00ebn\u00eb atij p\u00ebrgjegj\u00ebsin\u00eb p\u00ebr \u00e7do d\u00ebm familjar q\u00eb mund t\u2019i vij\u00eb si pasoj\u00eb e fjal\u00ebve t\u00eb tij.<\/p>\n<p>Me nj\u00eb ton mjaft k\u00ebrc\u00ebnues, ai ka l\u00ebn\u00eb t\u00eb n\u00ebnkuptohet se i druhet nj\u00eb krisjeje t\u00eb r\u00ebnd\u00eb apo edhe nj\u00eb divorci t\u00eb mundsh\u00ebm sapo t\u00eb l\u00ebr\u00eb sht\u00ebpin\u00eb.<\/p>\n<p>\u201cUn\u00eb s\u2019e di si \u00ebsht\u00eb jasht\u00eb, n\u00ebqoft\u00ebse familja ime ka pasoja nga ato gj\u00ebra q\u00eb ke th\u00ebn\u00eb ti, ti ke p\u00ebr t\u00eb par\u00eb jasht\u00eb kur t\u00eb dalim, n\u00ebse un\u00eb do t\u00eb kem pasoja nga ajo q\u00eb interpreton ti.\u201d<\/p>\n<p>Mbetet p\u00ebr t\u2019u par\u00eb se cili do t\u00eb jet\u00eb reagimi i familjes s\u00eb tij jasht\u00eb dhe si do t\u00eb menaxhohet ky presion i jasht\u00ebzakonsh\u00ebm n\u00eb dit\u00ebt n\u00eb vijim.<\/p>\n<p><iframe loading=\"lazy\" class=\"wp-embedded-content\" sandbox=\"allow-scripts\" security=\"restricted\" title=\"InShot_20260409_151359657\" src=\"https:\/\/streamable.com\/o\/lhw648#?secret=XKVkLzSMNh\" data-secret=\"XKVkLzSMNh\" frameborder=\"0\" scrolling=\"no\" width=\"720\" height=\"1280\"><\/iframe><\/p>\n<div id=\"blogs-1923592646\" class=\"blogs-after-content blogs-entity-placement\"><div id=\"div-gpt-ad-1770230601260-0\" style=\"width:300px; height:600px;\"><\/div><\/div><div id=\"blogs-545115555\" class=\"blogs-adsense-after-kontent blogs-entity-placement\"><script async src=\"https:\/\/pagead2.googlesyndication.com\/pagead\/js\/adsbygoogle.js\"\r\n     crossorigin=\"anonymous\"><\/script>\r\n<!-- Tiranaread -->\r\n<ins class=\"adsbygoogle\"\r\n     style=\"display:inline-block;width:728px;height:90px\"\r\n     data-ad-client=\"ca-pub-2355142065052501\"\r\n\t data-page-url=\"https:\/\/blogseyir.com\"\r\n     data-ad-slot=\"7464751963\"><\/ins>\r\n<script>\r\n     (adsbygoogle = window.adsbygoogle || []).push({});\r\n<\/script><\/div>","protected":false},"excerpt":{"rendered":"<p>Dinamikat dhe debatet brenda sht\u00ebpis\u00eb s\u00eb \u201cBig Brother VIP Albania\u201d po b\u00ebhen gjithnj\u00eb e m\u00eb t\u00eb ashpra, duke prekur shpesh edhe jet\u00ebn personale t\u00eb banor\u00ebve jasht\u00eb formatit. Nj\u00eb nga p\u00ebrplasjet m\u00eb t\u00eb forta dhe t\u00eb vazhdueshme mbetet ajo mes Mirit dhe Mateos, e cila s\u00eb fundmi ka marr\u00eb nj\u00eb rrjedh\u00eb mjaft delikate. Gjat\u00eb gjith\u00eb q\u00ebndrimit [&hellip;]<\/p>\n","protected":false},"author":1,"featured_media":44989,"comment_status":"open","ping_status":"closed","sticky":false,"template":"","format":"standard","meta":{"footnotes":""},"categories":[32],"tags":[485,52,2220],"class_list":["post-44987","post","type-post","status-publish","format-standard","has-post-thumbnail","hentry","category-te-fundit","tag-bashkeshortja","tag-bbva","tag-miri"],"_links":{"self":[{"href":"https:\/\/blogseyir.com\/wp\/wp-json\/wp\/v2\/posts\/44987","targetHints":{"allow":["GET"]}}],"collection":[{"href":"https:\/\/blogseyir.com\/wp\/wp-json\/wp\/v2\/posts"}],"about":[{"href":"https:\/\/blogseyir.com\/wp\/wp-json\/wp\/v2\/types\/post"}],"author":[{"embeddable":true,"href":"https:\/\/blogseyir.com\/wp\/wp-json\/wp\/v2\/users\/1"}],"replies":[{"embeddable":true,"href":"https:\/\/blogseyir.com\/wp\/wp-json\/wp\/v2\/comments?post=44987"}],"version-history":[{"count":1,"href":"https:\/\/blogseyir.com\/wp\/wp-json\/wp\/v2\/posts\/44987\/revisions"}],"predecessor-version":[{"id":44988,"href":"https:\/\/blogseyir.com\/wp\/wp-json\/wp\/v2\/posts\/44987\/revisions\/44988"}],"wp:featuredmedia":[{"embeddable":true,"href":"https:\/\/blogseyir.com\/wp\/wp-json\/wp\/v2\/media\/44989"}],"wp:attachment":[{"href":"https:\/\/blogseyir.com\/wp\/wp-json\/wp\/v2\/media?parent=44987"}],"wp:term":[{"taxonomy":"category","embeddable":true,"href":"https:\/\/blogseyir.com\/wp\/wp-json\/wp\/v2\/categories?post=44987"},{"taxonomy":"post_tag","embeddable":true,"href":"https:\/\/blogseyir.com\/wp\/wp-json\/wp\/v2\/tags?post=44987"}],"curies":[{"name":"wp","href":"https:\/\/api.w.org\/{rel}","templated":true}]}}