{"id":44826,"date":"2026-04-07T11:55:33","date_gmt":"2026-04-07T11:55:33","guid":{"rendered":"https:\/\/blogseyir.com\/wp\/?p=44826"},"modified":"2026-04-07T11:55:33","modified_gmt":"2026-04-07T11:55:33","slug":"cfare-ndodhi-mbreme-mes-mirit-dhe-arber-hajdarit","status":"publish","type":"post","link":"https:\/\/blogseyir.com\/wp\/cfare-ndodhi-mbreme-mes-mirit-dhe-arber-hajdarit\/","title":{"rendered":"\u00c7far\u00eb ndodhi mbr\u00ebm\u00eb mes Mirit dhe Arb\u00ebr Hajdarit?"},"content":{"rendered":"<p>Dasma e Mateos dhe Briken\u00ebs mbr\u00ebm\u00eb n\u00eb sht\u00ebpin\u00eb e \u201cBig Brother VIP\u201d nuk solli vet\u00ebm momente festive, por u kthye shpejt n\u00eb nj\u00eb terren p\u00ebr aludime dhe pik\u00ebpyetje t\u00eb reja nga ana e publikut.<\/p>\n<p>Prania e dy opinionist\u00ebve, Arb\u00ebr Hajdarit dhe Monika Kryemadhit, i dha nj\u00eb tjet\u00ebr dimension mbr\u00ebmjes, por nj\u00eb detaj specifik ka t\u00ebrhequr v\u00ebmendjen maksimale t\u00eb ndjek\u00ebsve.<\/p>\n<p>P\u00ebrmes pamjeve dhe postimeve q\u00eb po qarkullojn\u00eb masivisht sot, publiku ka kapur nj\u00eb moment mjaft t\u00eb dyshimt\u00eb mes Mirit dhe Arb\u00ebr Hajdarit.<\/p>\n<p>Si\u00e7 dihet, dyshja ka pasur p\u00ebrplasje t\u00eb forta dhe debate t\u00eb ashpra q\u00eb n\u00eb nisje t\u00eb k\u00ebtij sezoni, duke i q\u00ebndruar gjithmon\u00eb llogoreve t\u00eb kund\u00ebrta. Megjithat\u00eb, mbr\u00ebm\u00eb situata duket se mori nj\u00eb tjet\u00ebr rrjedh\u00eb, pik\u00ebrisht at\u00ebher\u00eb kur mendonin se nuk ishin n\u00eb fokusin e plot\u00eb.<\/p>\n<p>N\u00eb postimin e shp\u00ebrndar\u00eb gjer\u00ebsisht nga fansat e programit, hidhen akuza t\u00eb forta p\u00ebr munges\u00eb transparence nga ana e produksionit. Sipas k\u00ebtij pretendimi dhe pamjeve q\u00eb po analizohen korniz\u00eb pas kornize:<\/p>\n<p>Miri dhe Arbri kan\u00eb q\u00ebndruar n\u00eb nj\u00eb cep t\u00eb sht\u00ebpis\u00eb, t\u00eb cilin kamerat nuk po e mbulonin plot\u00ebsisht (nj\u00eb situat\u00eb e cil\u00ebsuar nga fansat si \u201ctransparenc\u00eb 0\u201d).<\/p>\n<p>N\u00eb nj\u00eb moment t\u00eb caktuar, Arbri e ka marr\u00eb Mirin dhe jan\u00eb larguar s\u00eb bashku n\u00eb nj\u00eb ambient tjet\u00ebr, pa u kuptuar se ku shkuan dhe \u00e7far\u00eb u diskutua mes tyre.<\/p>\n<p>E v\u00ebrteta pritet t\u00eb zbulohet sot n\u00eb mbr\u00ebmje gjat\u00eb Prime-t.<\/p>\n<p><iframe loading=\"lazy\" class=\"wp-embedded-content\" sandbox=\"allow-scripts\" security=\"restricted\" title=\"InShot_20260407_093003541\" src=\"https:\/\/streamable.com\/o\/c8e081#?secret=ufC7KcrebF\" data-secret=\"ufC7KcrebF\" frameborder=\"0\" scrolling=\"no\" width=\"640\" height=\"480\"><\/iframe><\/p>\n<div id=\"blogs-3915363707\" class=\"blogs-after-content blogs-entity-placement\"><div id=\"div-gpt-ad-1770230601260-0\" style=\"width:300px; height:600px;\"><\/div><\/div><div id=\"blogs-1524939322\" class=\"blogs-adsense-after-kontent blogs-entity-placement\"><script async src=\"https:\/\/pagead2.googlesyndication.com\/pagead\/js\/adsbygoogle.js\"\r\n     crossorigin=\"anonymous\"><\/script>\r\n<!-- Tiranaread -->\r\n<ins class=\"adsbygoogle\"\r\n     style=\"display:inline-block;width:728px;height:90px\"\r\n     data-ad-client=\"ca-pub-2355142065052501\"\r\n\t data-page-url=\"https:\/\/blogseyir.com\"\r\n     data-ad-slot=\"7464751963\"><\/ins>\r\n<script>\r\n     (adsbygoogle = window.adsbygoogle || []).push({});\r\n<\/script><\/div>","protected":false},"excerpt":{"rendered":"<p>Dasma e Mateos dhe Briken\u00ebs mbr\u00ebm\u00eb n\u00eb sht\u00ebpin\u00eb e \u201cBig Brother VIP\u201d nuk solli vet\u00ebm momente festive, por u kthye shpejt n\u00eb nj\u00eb terren p\u00ebr aludime dhe pik\u00ebpyetje t\u00eb reja nga ana e publikut. Prania e dy opinionist\u00ebve, Arb\u00ebr Hajdarit dhe Monika Kryemadhit, i dha nj\u00eb tjet\u00ebr dimension mbr\u00ebmjes, por nj\u00eb detaj specifik ka t\u00ebrhequr [&hellip;]<\/p>\n","protected":false},"author":1,"featured_media":44828,"comment_status":"open","ping_status":"closed","sticky":false,"template":"","format":"standard","meta":{"footnotes":""},"categories":[33],"tags":[377,2220],"class_list":["post-44826","post","type-post","status-publish","format-standard","has-post-thumbnail","hentry","category-showbizi","tag-arber-hajdari","tag-miri"],"_links":{"self":[{"href":"https:\/\/blogseyir.com\/wp\/wp-json\/wp\/v2\/posts\/44826","targetHints":{"allow":["GET"]}}],"collection":[{"href":"https:\/\/blogseyir.com\/wp\/wp-json\/wp\/v2\/posts"}],"about":[{"href":"https:\/\/blogseyir.com\/wp\/wp-json\/wp\/v2\/types\/post"}],"author":[{"embeddable":true,"href":"https:\/\/blogseyir.com\/wp\/wp-json\/wp\/v2\/users\/1"}],"replies":[{"embeddable":true,"href":"https:\/\/blogseyir.com\/wp\/wp-json\/wp\/v2\/comments?post=44826"}],"version-history":[{"count":1,"href":"https:\/\/blogseyir.com\/wp\/wp-json\/wp\/v2\/posts\/44826\/revisions"}],"predecessor-version":[{"id":44827,"href":"https:\/\/blogseyir.com\/wp\/wp-json\/wp\/v2\/posts\/44826\/revisions\/44827"}],"wp:featuredmedia":[{"embeddable":true,"href":"https:\/\/blogseyir.com\/wp\/wp-json\/wp\/v2\/media\/44828"}],"wp:attachment":[{"href":"https:\/\/blogseyir.com\/wp\/wp-json\/wp\/v2\/media?parent=44826"}],"wp:term":[{"taxonomy":"category","embeddable":true,"href":"https:\/\/blogseyir.com\/wp\/wp-json\/wp\/v2\/categories?post=44826"},{"taxonomy":"post_tag","embeddable":true,"href":"https:\/\/blogseyir.com\/wp\/wp-json\/wp\/v2\/tags?post=44826"}],"curies":[{"name":"wp","href":"https:\/\/api.w.org\/{rel}","templated":true}]}}