{"id":44811,"date":"2026-04-07T08:37:34","date_gmt":"2026-04-07T08:37:34","guid":{"rendered":"https:\/\/blogseyir.com\/wp\/?p=44811"},"modified":"2026-04-07T08:37:35","modified_gmt":"2026-04-07T08:37:35","slug":"dalin-rezultatet-shqiptaret-te-etur-per-ferma-vip-as-dasma-e-brikenes-dhe-mateos-nuk-ja-mori-vemendjen-foto","status":"publish","type":"post","link":"https:\/\/blogseyir.com\/wp\/dalin-rezultatet-shqiptaret-te-etur-per-ferma-vip-as-dasma-e-brikenes-dhe-mateos-nuk-ja-mori-vemendjen-foto\/","title":{"rendered":"Dalin rezultatet\/ Shqiptar\u00ebt t\u00eb &#8216;ETUR&#8217; p\u00ebr Ferma Vip, as dasma e Briken\u00ebs dhe Mateos nuk ja mori vemendjen! (Foto)"},"content":{"rendered":"<p>N\u00eb k\u00ebt\u00eb t\u00eb h\u00ebn\u00eb mbr\u00ebma, emocionet n\u00eb ekran jan\u00eb dyfishuar! Nd\u00ebrkoh\u00eb q\u00eb spektakli i njohur \u201cFerma VIP\u201d po mbahet n\u00ebn moderimin e Arbana Osmanit, nj\u00eb tjet\u00ebr ngjarje e r\u00ebnd\u00ebsishme po ndodh brenda sht\u00ebpis\u00eb s\u00eb Big Brother Vip, dasma e famshme e Mateos dhe Briken\u00ebs.<\/p>\n<p>Shikuesit jan\u00eb t\u00eb ndar\u00eb n\u00eb dy kampe, disa nuk e l\u00ebn\u00eb pas dore k\u00ebt\u00eb moment magjik t\u00eb dashuris\u00eb dhe jan\u00eb t\u00eb p\u00ebrqendruar tek ceremonia e dasm\u00ebs, nd\u00ebrsa t\u00eb tjer\u00ebt preferojn\u00eb t\u00eb ndjekin rivalin televiziv, Ferma VIP, e cila k\u00ebt\u00eb vit ka ardhur dhe me surpriza, ku m\u00eb e madhja ishte moderatorja, Arbana.<\/p>\n<p>Pik\u00ebrisht ky moment sh\u00ebnon edhe nj\u00eb \u201cp\u00ebrplasje\u201d interesante mes Arbana Osmanit dhe \u201cTop Channel\u201d, pasi jo m\u00eb larg se dy dite m\u00eb par\u00eb ajo prezantonte Big Brother Vip Albania, nd\u00ebrkoh\u00eb q\u00eb k\u00ebto dit\u00ebt e fundit \u201ckunjat\u201d mes saj dhe prezantuesit t\u00eb Big-ut, Ledion Li\u00e7os nuk kan\u00eb munguar.<\/p>\n<p>Si\u00e7 shihet dhe n\u00eb fotot e m\u00ebposhtme, rreth 260 mij\u00eb shikues jan\u00eb stacionuar duke ndjekur Ferm\u00ebn Vip n\u00eb kanalin e platform\u00ebs \u201cYoutube\u201d, nd\u00ebrkoh\u00eb q\u00eb 216 mij\u00eb t\u00eb tjer\u00eb po ndjekin martes\u00ebn. Mesa duket kjo \u201cluft\u00eb\u201d shikueshm\u00ebrie \u00ebsht\u00eb fituar nga vet\u00eb Arbana.<\/p>\n<p><img loading=\"lazy\" decoding=\"async\" class=\"alignnone size-full wp-image-11049\" src=\"https:\/\/post.gazetatirana.com\/wp-content\/uploads\/2026\/04\/image-53.webp\" alt=\"\" width=\"1118\" height=\"550\" \/><\/p>\n<p><img loading=\"lazy\" decoding=\"async\" class=\"alignnone size-full wp-image-11050\" src=\"https:\/\/post.gazetatirana.com\/wp-content\/uploads\/2026\/04\/image-54.webp\" alt=\"\" width=\"1123\" height=\"543\" \/><\/p>\n<div id=\"blogs-2273619528\" class=\"blogs-after-content blogs-entity-placement\"><div id=\"div-gpt-ad-1770230601260-0\" style=\"width:300px; height:600px;\"><\/div><\/div><div id=\"blogs-1044110527\" class=\"blogs-adsense-after-kontent blogs-entity-placement\"><script async src=\"https:\/\/pagead2.googlesyndication.com\/pagead\/js\/adsbygoogle.js\"\r\n     crossorigin=\"anonymous\"><\/script>\r\n<!-- Tiranaread -->\r\n<ins class=\"adsbygoogle\"\r\n     style=\"display:inline-block;width:728px;height:90px\"\r\n     data-ad-client=\"ca-pub-2355142065052501\"\r\n\t data-page-url=\"https:\/\/blogseyir.com\"\r\n     data-ad-slot=\"7464751963\"><\/ins>\r\n<script>\r\n     (adsbygoogle = window.adsbygoogle || []).push({});\r\n<\/script><\/div>","protected":false},"excerpt":{"rendered":"<p>N\u00eb k\u00ebt\u00eb t\u00eb h\u00ebn\u00eb mbr\u00ebma, emocionet n\u00eb ekran jan\u00eb dyfishuar! Nd\u00ebrkoh\u00eb q\u00eb spektakli i njohur \u201cFerma VIP\u201d po mbahet n\u00ebn moderimin e Arbana Osmanit, nj\u00eb tjet\u00ebr ngjarje e r\u00ebnd\u00ebsishme po ndodh brenda sht\u00ebpis\u00eb s\u00eb Big Brother Vip, dasma e famshme e Mateos dhe Briken\u00ebs. Shikuesit jan\u00eb t\u00eb ndar\u00eb n\u00eb dy kampe, disa nuk e l\u00ebn\u00eb [&hellip;]<\/p>\n","protected":false},"author":1,"featured_media":44813,"comment_status":"open","ping_status":"closed","sticky":false,"template":"","format":"standard","meta":{"footnotes":""},"categories":[32],"tags":[215,52,637],"class_list":["post-44811","post","type-post","status-publish","format-standard","has-post-thumbnail","hentry","category-te-fundit","tag-arbana-osmani","tag-bbva","tag-ferma-vip"],"_links":{"self":[{"href":"https:\/\/blogseyir.com\/wp\/wp-json\/wp\/v2\/posts\/44811","targetHints":{"allow":["GET"]}}],"collection":[{"href":"https:\/\/blogseyir.com\/wp\/wp-json\/wp\/v2\/posts"}],"about":[{"href":"https:\/\/blogseyir.com\/wp\/wp-json\/wp\/v2\/types\/post"}],"author":[{"embeddable":true,"href":"https:\/\/blogseyir.com\/wp\/wp-json\/wp\/v2\/users\/1"}],"replies":[{"embeddable":true,"href":"https:\/\/blogseyir.com\/wp\/wp-json\/wp\/v2\/comments?post=44811"}],"version-history":[{"count":1,"href":"https:\/\/blogseyir.com\/wp\/wp-json\/wp\/v2\/posts\/44811\/revisions"}],"predecessor-version":[{"id":44812,"href":"https:\/\/blogseyir.com\/wp\/wp-json\/wp\/v2\/posts\/44811\/revisions\/44812"}],"wp:featuredmedia":[{"embeddable":true,"href":"https:\/\/blogseyir.com\/wp\/wp-json\/wp\/v2\/media\/44813"}],"wp:attachment":[{"href":"https:\/\/blogseyir.com\/wp\/wp-json\/wp\/v2\/media?parent=44811"}],"wp:term":[{"taxonomy":"category","embeddable":true,"href":"https:\/\/blogseyir.com\/wp\/wp-json\/wp\/v2\/categories?post=44811"},{"taxonomy":"post_tag","embeddable":true,"href":"https:\/\/blogseyir.com\/wp\/wp-json\/wp\/v2\/tags?post=44811"}],"curies":[{"name":"wp","href":"https:\/\/api.w.org\/{rel}","templated":true}]}}