{"id":44793,"date":"2026-04-06T17:50:49","date_gmt":"2026-04-06T17:50:49","guid":{"rendered":"https:\/\/blogseyir.com\/wp\/?p=44793"},"modified":"2026-04-06T17:56:59","modified_gmt":"2026-04-06T17:56:59","slug":"arrijne-lehte-zonat-fryje-do","status":"publish","type":"post","link":"https:\/\/blogseyir.com\/wp\/arrijne-lehte-zonat-fryje-do\/","title":{"rendered":"Moti b\u00ebn\u00eb kthes\u00ebn e papritur, ja \u00e7far\u00eb pritet t\u00eb ndodh\u00eb me temperaturat"},"content":{"rendered":"<p>Dit\u00ebn e mart\u00eb, vendi yn\u00eb do t\u00eb ndikohet nga kushte atmosferike t\u00eb q\u00ebndrueshme, duke sjell\u00eb nj\u00eb situat\u00eb t\u00eb p\u00ebrgjithshme t\u00eb favorshme p\u00ebr aktivitetet e p\u00ebrditshme n\u00eb t\u00eb gjith\u00eb territorin.<\/p>\n<p>Moti parashikohet t\u00eb jet\u00eb kryesisht i kthjell\u00ebt, me diell n\u00eb pjes\u00ebn m\u00eb t\u00eb madhe t\u00eb vendit, \u00e7ka do t\u00eb krijoj\u00eb kushte t\u00eb mira p\u00ebr l\u00ebvizje, pun\u00eb dhe aktivitete n\u00eb natyr\u00eb.<\/p>\n<p>N\u00eb zonat veriore priten vet\u00ebm disa vran\u00ebsira t\u00eb pakta kalimtare gjat\u00eb or\u00ebve t\u00eb mesdit\u00ebs, t\u00eb cilat do t\u00eb jen\u00eb kryesisht t\u00eb larta dhe transparente, pa sjell\u00eb reshje apo shqet\u00ebsime t\u00eb ve\u00e7anta.<\/p><div id=\"blogs-3264789475\" class=\"blogs-stick blogs-entity-placement\"><div id=\"div-gpt-ad-1770230783865-0\" style=\"min-width:300px; min-height:50px;\"><\/div><\/div>\n<p>Temperaturat do t\u00eb jen\u00eb relativisht t\u00eb larta p\u00ebr k\u00ebt\u00eb periudh\u00eb, ku vlerat maksimale pritet t\u00eb arrijn\u00eb deri n\u00eb 26 grad\u00eb Celsius n\u00eb zonat m\u00eb t\u00eb ngrohta, duke dh\u00ebn\u00eb ndjesin\u00eb e nj\u00eb dite pothuajse verore.<\/p>\n<p>Nd\u00ebrkoh\u00eb, temperaturat minimale gjat\u00eb m\u00ebngjesit do t\u00eb zbresin deri n\u00eb 4 grad\u00eb Celsius, sidomos n\u00eb zonat malore dhe ato t\u00eb brendshme t\u00eb vendit, duke ruajtur nj\u00eb freski tipike t\u00eb or\u00ebve t\u00eb para t\u00eb dit\u00ebs.<\/p>\n<p>Era do t\u00eb fryj\u00eb e leht\u00eb deri mesatare, me drejtim nga jugper\u00ebndimi n\u00eb veriper\u00ebndim dhe me nj\u00eb shpejt\u00ebsi mesatare rreth 5 m\/s, pa shkaktuar probleme apo shqet\u00ebsime n\u00eb jet\u00ebn e p\u00ebrditshme. N\u00eb p\u00ebrgjith\u00ebsi, dita e mart\u00eb pritet t\u00eb karakterizohet nga mot i q\u00ebndruesh\u00ebm, i qet\u00eb dhe i p\u00ebrshtatsh\u00ebm p\u00ebr \u00e7do lloj aktiviteti.<\/p>\n<div id=\"blogs-3585683677\" class=\"blogs-adsense-after-kontent blogs-entity-placement\"><script async src=\"https:\/\/pagead2.googlesyndication.com\/pagead\/js\/adsbygoogle.js\"\r\n     crossorigin=\"anonymous\"><\/script>\r\n<!-- Tiranaread -->\r\n<ins class=\"adsbygoogle\"\r\n     style=\"display:inline-block;width:728px;height:90px\"\r\n     data-ad-client=\"ca-pub-2355142065052501\"\r\n\t data-page-url=\"https:\/\/blogseyir.com\"\r\n     data-ad-slot=\"7464751963\"><\/ins>\r\n<script>\r\n     (adsbygoogle = window.adsbygoogle || []).push({});\r\n<\/script><\/div>","protected":false},"excerpt":{"rendered":"<p>Dit\u00ebn e mart\u00eb, vendi yn\u00eb do t\u00eb ndikohet nga kushte atmosferike t\u00eb q\u00ebndrueshme, duke sjell\u00eb nj\u00eb situat\u00eb t\u00eb p\u00ebrgjithshme t\u00eb favorshme p\u00ebr aktivitetet e p\u00ebrditshme n\u00eb t\u00eb gjith\u00eb territorin. Moti parashikohet t\u00eb jet\u00eb kryesisht i kthjell\u00ebt, me diell n\u00eb pjes\u00ebn m\u00eb t\u00eb madhe t\u00eb vendit, \u00e7ka do t\u00eb krijoj\u00eb kushte t\u00eb mira p\u00ebr l\u00ebvizje, pun\u00eb [&hellip;]<\/p>\n","protected":false},"author":1,"featured_media":44795,"comment_status":"open","ping_status":"closed","sticky":false,"template":"","format":"standard","meta":{"footnotes":""},"categories":[34],"tags":[],"class_list":["post-44793","post","type-post","status-publish","format-standard","has-post-thumbnail","hentry","category-tvshow"],"_links":{"self":[{"href":"https:\/\/blogseyir.com\/wp\/wp-json\/wp\/v2\/posts\/44793","targetHints":{"allow":["GET"]}}],"collection":[{"href":"https:\/\/blogseyir.com\/wp\/wp-json\/wp\/v2\/posts"}],"about":[{"href":"https:\/\/blogseyir.com\/wp\/wp-json\/wp\/v2\/types\/post"}],"author":[{"embeddable":true,"href":"https:\/\/blogseyir.com\/wp\/wp-json\/wp\/v2\/users\/1"}],"replies":[{"embeddable":true,"href":"https:\/\/blogseyir.com\/wp\/wp-json\/wp\/v2\/comments?post=44793"}],"version-history":[{"count":1,"href":"https:\/\/blogseyir.com\/wp\/wp-json\/wp\/v2\/posts\/44793\/revisions"}],"predecessor-version":[{"id":44794,"href":"https:\/\/blogseyir.com\/wp\/wp-json\/wp\/v2\/posts\/44793\/revisions\/44794"}],"wp:featuredmedia":[{"embeddable":true,"href":"https:\/\/blogseyir.com\/wp\/wp-json\/wp\/v2\/media\/44795"}],"wp:attachment":[{"href":"https:\/\/blogseyir.com\/wp\/wp-json\/wp\/v2\/media?parent=44793"}],"wp:term":[{"taxonomy":"category","embeddable":true,"href":"https:\/\/blogseyir.com\/wp\/wp-json\/wp\/v2\/categories?post=44793"},{"taxonomy":"post_tag","embeddable":true,"href":"https:\/\/blogseyir.com\/wp\/wp-json\/wp\/v2\/tags?post=44793"}],"curies":[{"name":"wp","href":"https:\/\/api.w.org\/{rel}","templated":true}]}}