{"id":44766,"date":"2026-04-06T11:46:15","date_gmt":"2026-04-06T11:46:15","guid":{"rendered":"https:\/\/blogseyir.com\/wp\/?p=44766"},"modified":"2026-04-06T11:46:16","modified_gmt":"2026-04-06T11:46:16","slug":"krm-trondites-ne-familjen-shqiptare-burri-vrt-gruan-e-tij-me-pas","status":"publish","type":"post","link":"https:\/\/blogseyir.com\/wp\/krm-trondites-ne-familjen-shqiptare-burri-vrt-gruan-e-tij-me-pas\/","title":{"rendered":"KR*M TRONDITES n\u00eb familjen shqiptare! Burri vr*t gruan e tij, m\u00eb pas&#8230;"},"content":{"rendered":"<p>Nj\u00eb krim i r\u00ebnd\u00eb ka ndodhur n\u00eb nj\u00eb familje shqiptare n\u00eb Austri, ku burri nga Kosova ka vrar\u00eb gruan e tij 38-vje\u00e7are.<\/p>\n<p>Sipas mediave austriake ngjarja ka ndodhur t\u00eb diel\u00ebn rreth or\u00ebs 18:30 n\u00eb Soo\u00df, Komuna Baden, nd\u00ebrsa gruaja raportohet se u gjet n\u00eb oborrin e banes\u00ebs me plag\u00eb n\u00eb trup t\u00eb shkaktuara nga nj\u00eb mjet prer\u00ebs, por edhe arm\u00eb zjarri.<\/p>\n<p>Autori i dyshuar, nj\u00eb 47 vje\u00e7ar ende i paidentifikuar u kap shpejt nga policia dhe \u00ebsht\u00eb tashm\u00eb n\u00eb paraburgim.<\/p>\n<p>Sipas hetuesve, \u00e7ifti kishte debatuar shpesh koh\u00ebt e fundit, por motivi i aktit t\u00eb dhunsh\u00ebm mbetet i paqart\u00eb.<\/p>\n<p>Po ashtu \u00ebsht\u00eb urdh\u00ebruar nj\u00eb autopsi p\u00ebr t\u00eb p\u00ebrcaktuar shkakun e sakt\u00eb t\u00eb vdekjes.<\/p>\n<p>N\u00eb vendin e ngjarjes u gjet edhe nj\u00eb arm\u00eb zjarri pistolet\u00eb q\u00eb dyshohet se \u00ebsht\u00eb p\u00ebrdorur nga autori i krimit.<\/p>\n<div id=\"blogs-1785651896\" class=\"blogs-after-content blogs-entity-placement\"><div id=\"div-gpt-ad-1770230601260-0\" style=\"width:300px; height:600px;\"><\/div><\/div><div id=\"blogs-4200819609\" class=\"blogs-adsense-after-kontent blogs-entity-placement\"><script async src=\"https:\/\/pagead2.googlesyndication.com\/pagead\/js\/adsbygoogle.js\"\r\n     crossorigin=\"anonymous\"><\/script>\r\n<!-- Tiranaread -->\r\n<ins class=\"adsbygoogle\"\r\n     style=\"display:inline-block;width:728px;height:90px\"\r\n     data-ad-client=\"ca-pub-2355142065052501\"\r\n\t data-page-url=\"https:\/\/blogseyir.com\"\r\n     data-ad-slot=\"7464751963\"><\/ins>\r\n<script>\r\n     (adsbygoogle = window.adsbygoogle || []).push({});\r\n<\/script><\/div>","protected":false},"excerpt":{"rendered":"<p>Nj\u00eb krim i r\u00ebnd\u00eb ka ndodhur n\u00eb nj\u00eb familje shqiptare n\u00eb Austri, ku burri nga Kosova ka vrar\u00eb gruan e tij 38-vje\u00e7are. Sipas mediave austriake ngjarja ka ndodhur t\u00eb diel\u00ebn rreth or\u00ebs 18:30 n\u00eb Soo\u00df, Komuna Baden, nd\u00ebrsa gruaja raportohet se u gjet n\u00eb oborrin e banes\u00ebs me plag\u00eb n\u00eb trup t\u00eb shkaktuara nga nj\u00eb [&hellip;]<\/p>\n","protected":false},"author":1,"featured_media":44768,"comment_status":"open","ping_status":"closed","sticky":false,"template":"","format":"standard","meta":{"footnotes":""},"categories":[32],"tags":[2519,40,56],"class_list":["post-44766","post","type-post","status-publish","format-standard","has-post-thumbnail","hentry","category-te-fundit","tag-familje-shqiptare","tag-te-fundit","tag-vrasje"],"_links":{"self":[{"href":"https:\/\/blogseyir.com\/wp\/wp-json\/wp\/v2\/posts\/44766","targetHints":{"allow":["GET"]}}],"collection":[{"href":"https:\/\/blogseyir.com\/wp\/wp-json\/wp\/v2\/posts"}],"about":[{"href":"https:\/\/blogseyir.com\/wp\/wp-json\/wp\/v2\/types\/post"}],"author":[{"embeddable":true,"href":"https:\/\/blogseyir.com\/wp\/wp-json\/wp\/v2\/users\/1"}],"replies":[{"embeddable":true,"href":"https:\/\/blogseyir.com\/wp\/wp-json\/wp\/v2\/comments?post=44766"}],"version-history":[{"count":1,"href":"https:\/\/blogseyir.com\/wp\/wp-json\/wp\/v2\/posts\/44766\/revisions"}],"predecessor-version":[{"id":44767,"href":"https:\/\/blogseyir.com\/wp\/wp-json\/wp\/v2\/posts\/44766\/revisions\/44767"}],"wp:featuredmedia":[{"embeddable":true,"href":"https:\/\/blogseyir.com\/wp\/wp-json\/wp\/v2\/media\/44768"}],"wp:attachment":[{"href":"https:\/\/blogseyir.com\/wp\/wp-json\/wp\/v2\/media?parent=44766"}],"wp:term":[{"taxonomy":"category","embeddable":true,"href":"https:\/\/blogseyir.com\/wp\/wp-json\/wp\/v2\/categories?post=44766"},{"taxonomy":"post_tag","embeddable":true,"href":"https:\/\/blogseyir.com\/wp\/wp-json\/wp\/v2\/tags?post=44766"}],"curies":[{"name":"wp","href":"https:\/\/api.w.org\/{rel}","templated":true}]}}