{"id":44673,"date":"2026-04-05T08:17:49","date_gmt":"2026-04-05T08:17:49","guid":{"rendered":"https:\/\/blogseyir.com\/wp\/?p=44673"},"modified":"2026-04-05T08:17:50","modified_gmt":"2026-04-05T08:17:50","slug":"ledion-lico-nuk-ja-perton-arbana-osmanit-i-pergjigjet-gure-me-gure-asaj-i-ka-mbetur-sahati-te","status":"publish","type":"post","link":"https:\/\/blogseyir.com\/wp\/ledion-lico-nuk-ja-perton-arbana-osmanit-i-pergjigjet-gure-me-gure-asaj-i-ka-mbetur-sahati-te\/","title":{"rendered":"Ledion Lico nuk ja p\u00ebrton Arbana Osmanit, i p\u00ebrgjigjet &#8216;gur\u00eb m\u00eb gur\u00eb&#8217;\/ &#8216;Asaj i ka mbetur sahati te&#8230;&#8217;"},"content":{"rendered":"<p>P\u00ebrplasja n\u00eb distanc\u00eb mes dy formateve m\u00eb t\u00eb ndjekura t\u00eb momentit dhe moderator\u00ebve t\u00eb tyre duket se po b\u00ebhet gjithnj\u00eb e m\u00eb e hapur.<\/p>\n<p>Pas disa thumbimeve dhe komenteve indirekte q\u00eb Arbana Osmani ka b\u00ebr\u00eb gjat\u00eb net\u00ebve t\u00eb \u201cFerma VIP\u201d, ka ardhur momenti i kund\u00ebrp\u00ebrgjigjes nga ana e Ledion Li\u00e7os.<\/p>\n<p>N\u00eb nisje t\u00eb Prime-it t\u00eb sot\u00ebm t\u00eb \u201cBig Brother VIP\u201d, Ledioni ka zgjedhur ta hap\u00eb spektaklin me nj\u00eb shprehje mjaft dometh\u00ebn\u00ebse, e cila \u00ebsht\u00eb marr\u00eb menj\u00ebher\u00eb nga publiku si nj\u00eb mesazh i drejtp\u00ebrdrejt\u00eb p\u00ebr ish-moderatoren e k\u00ebtij formati.<\/p>\n<p>\u201cA jemi ne nga ata njer\u00ebz q\u00eb na ka ngecur sahati n\u00eb t\u00eb shkuar\u00ebn dhe b\u00ebjm\u00eb sikur kemi ecur p\u00ebrpara por kok\u00ebn e kemi mbrapa,\u201d ishin fjal\u00ebt e tij.P\u00ebrplasja n\u00eb distanc\u00eb mes dy formateve m\u00eb t\u00eb ndjekura t\u00eb momentit dhe moderator\u00ebve t\u00eb tyre duket se po b\u00ebhet gjithnj\u00eb e m\u00eb e hapur.<\/p>\n<p>Pas disa thumbimeve dhe komenteve indirekte q\u00eb Arbana Osmani ka b\u00ebr\u00eb gjat\u00eb net\u00ebve t\u00eb \u201cFerma VIP\u201d, ka ardhur momenti i kund\u00ebrp\u00ebrgjigjes nga ana e Ledion Li\u00e7os.<\/p>\n<p>N\u00eb nisje t\u00eb Prime-it t\u00eb sot\u00ebm t\u00eb \u201cBig Brother VIP\u201d, Ledioni ka zgjedhur ta hap\u00eb spektaklin me nj\u00eb shprehje mjaft dometh\u00ebn\u00ebse, e cila \u00ebsht\u00eb marr\u00eb menj\u00ebher\u00eb nga publiku si nj\u00eb mesazh i drejtp\u00ebrdrejt\u00eb p\u00ebr ish-moderatoren e k\u00ebtij formati.<\/p>\n<p>\u201cA jemi ne nga ata njer\u00ebz q\u00eb na ka ngecur sahati n\u00eb t\u00eb shkuar\u00ebn dhe b\u00ebjm\u00eb sikur kemi ecur p\u00ebrpara por kok\u00ebn e kemi mbrapa,\u201d ishin fjal\u00ebt e tij.<\/p>\n<p><iframe loading=\"lazy\" class=\"wp-embedded-content\" sandbox=\"allow-scripts\" security=\"restricted\" title=\"SaveClip.App_AQPK2uRqqXba2R9vrqRdd1OpjCW9XLl4B-mo-gArC6iwyKiPUHARKe529QH5-N-JILXKj48NhcJkXtYMTnpFhbb3kythT-oxTrWPWgI\" src=\"https:\/\/streamable.com\/o\/ridzof#?secret=pyRA4AnYD5\" data-secret=\"pyRA4AnYD5\" frameborder=\"0\" scrolling=\"no\" width=\"720\" height=\"1280\"><\/iframe><\/p>\n<p>Kjo deklarat\u00eb, interpretohet si nj\u00eb \u201cgoditje\u201d e qart\u00eb ndaj komenteve t\u00eb Arban\u00ebs, pasi gjat\u00eb moderimit t\u00eb Ferma Vip, n\u00eb nj\u00eb situat\u00eb debati pa nivel mes banor\u00ebve, ajo iu drejtua ashp\u00ebr me fjal\u00ebt: \u201c\u00ebsht\u00eb tjet\u00ebr emision ai\u201d.<\/p>\n<p>P\u00ebrmes k\u00ebsaj fjalie, Ledioni l\u00eb t\u00eb kuptohet se pavar\u00ebsisht se Arbana ka nisur nj\u00eb rrug\u00ebtim t\u00eb ri televiziv, ajo vazhdon t\u00eb mbaj\u00eb v\u00ebmendjen e kthyer nga e shkuara e saj.<\/p>\n<div id=\"blogs-2007130941\" class=\"blogs-after-content blogs-entity-placement\"><div id=\"div-gpt-ad-1770230601260-0\" style=\"width:300px; height:600px;\"><\/div><\/div><div id=\"blogs-2150218526\" class=\"blogs-adsense-after-kontent blogs-entity-placement\"><script async src=\"https:\/\/pagead2.googlesyndication.com\/pagead\/js\/adsbygoogle.js\"\r\n     crossorigin=\"anonymous\"><\/script>\r\n<!-- Tiranaread -->\r\n<ins class=\"adsbygoogle\"\r\n     style=\"display:inline-block;width:728px;height:90px\"\r\n     data-ad-client=\"ca-pub-2355142065052501\"\r\n\t data-page-url=\"https:\/\/blogseyir.com\"\r\n     data-ad-slot=\"7464751963\"><\/ins>\r\n<script>\r\n     (adsbygoogle = window.adsbygoogle || []).push({});\r\n<\/script><\/div>","protected":false},"excerpt":{"rendered":"<p>P\u00ebrplasja n\u00eb distanc\u00eb mes dy formateve m\u00eb t\u00eb ndjekura t\u00eb momentit dhe moderator\u00ebve t\u00eb tyre duket se po b\u00ebhet gjithnj\u00eb e m\u00eb e hapur. Pas disa thumbimeve dhe komenteve indirekte q\u00eb Arbana Osmani ka b\u00ebr\u00eb gjat\u00eb net\u00ebve t\u00eb \u201cFerma VIP\u201d, ka ardhur momenti i kund\u00ebrp\u00ebrgjigjes nga ana e Ledion Li\u00e7os. N\u00eb nisje t\u00eb Prime-it t\u00eb [&hellip;]<\/p>\n","protected":false},"author":1,"featured_media":44675,"comment_status":"open","ping_status":"closed","sticky":false,"template":"","format":"standard","meta":{"footnotes":""},"categories":[32],"tags":[215,52,160],"class_list":["post-44673","post","type-post","status-publish","format-standard","has-post-thumbnail","hentry","category-te-fundit","tag-arbana-osmani","tag-bbva","tag-ledion-lico"],"_links":{"self":[{"href":"https:\/\/blogseyir.com\/wp\/wp-json\/wp\/v2\/posts\/44673","targetHints":{"allow":["GET"]}}],"collection":[{"href":"https:\/\/blogseyir.com\/wp\/wp-json\/wp\/v2\/posts"}],"about":[{"href":"https:\/\/blogseyir.com\/wp\/wp-json\/wp\/v2\/types\/post"}],"author":[{"embeddable":true,"href":"https:\/\/blogseyir.com\/wp\/wp-json\/wp\/v2\/users\/1"}],"replies":[{"embeddable":true,"href":"https:\/\/blogseyir.com\/wp\/wp-json\/wp\/v2\/comments?post=44673"}],"version-history":[{"count":1,"href":"https:\/\/blogseyir.com\/wp\/wp-json\/wp\/v2\/posts\/44673\/revisions"}],"predecessor-version":[{"id":44674,"href":"https:\/\/blogseyir.com\/wp\/wp-json\/wp\/v2\/posts\/44673\/revisions\/44674"}],"wp:featuredmedia":[{"embeddable":true,"href":"https:\/\/blogseyir.com\/wp\/wp-json\/wp\/v2\/media\/44675"}],"wp:attachment":[{"href":"https:\/\/blogseyir.com\/wp\/wp-json\/wp\/v2\/media?parent=44673"}],"wp:term":[{"taxonomy":"category","embeddable":true,"href":"https:\/\/blogseyir.com\/wp\/wp-json\/wp\/v2\/categories?post=44673"},{"taxonomy":"post_tag","embeddable":true,"href":"https:\/\/blogseyir.com\/wp\/wp-json\/wp\/v2\/tags?post=44673"}],"curies":[{"name":"wp","href":"https:\/\/api.w.org\/{rel}","templated":true}]}}