{"id":44632,"date":"2026-04-01T18:01:46","date_gmt":"2026-04-01T18:01:46","guid":{"rendered":"https:\/\/blogseyir.com\/wp\/?p=44632"},"modified":"2026-04-01T18:01:47","modified_gmt":"2026-04-01T18:01:47","slug":"krisiti-lamaj-merr-ne-dore-emisionin-e-shume-pritur-ne-top-channel-ja-cfare-pritet-te","status":"publish","type":"post","link":"https:\/\/blogseyir.com\/wp\/krisiti-lamaj-merr-ne-dore-emisionin-e-shume-pritur-ne-top-channel-ja-cfare-pritet-te\/","title":{"rendered":"Krisiti Lamaj merr n\u00eb dor\u00eb emisionin e shum\u00eb pritur n\u00eb Top Channel! Ja cfar\u00eb pritet t\u00eb&#8230;"},"content":{"rendered":"<p>Nj\u00eb format i ri televiziv dedikuar t\u00eb rinjve, i titulluar \u201cUrban Gen\u201d, pritet t\u00eb nis\u00eb transmetimin gjat\u00eb muajit prill n\u00eb ekranin e Top Channel, duke sjell\u00eb nj\u00eb qasje moderne dhe mjaft dinamike.<\/p>\n<p>N\u00ebn moderimin e dyshes Kristi Lamaj dhe Lei Kraja, ky emision synon t\u00eb nd\u00ebrtoj\u00eb nj\u00eb hap\u00ebsir\u00eb ku t\u00eb rinjt\u00eb mund t\u00eb shprehen lirsh\u00ebm, t\u00eb diskutojn\u00eb temat m\u00eb aktuale dhe t\u00eb ndjekin nga af\u00ebr trendet q\u00eb karakterizojn\u00eb gjenerat\u00ebn e sotme.<\/p>\n<p>Dyshja n\u00eb ekran pritet t\u00eb kombinoj\u00eb n\u00eb m\u00ebnyr\u00eb perfekte energjin\u00eb urbane me profesionalizmin televiziv, duke krijuar nj\u00eb format tejet t\u00ebrheq\u00ebs p\u00ebr publikun e gjer\u00eb.<\/p>\n<p>Programi do t\u00eb ket\u00eb n\u00eb fokus kryesor stilin e jetes\u00ebs, kultur\u00ebn rinore dhe \u00e7\u00ebshtjet sociale, nd\u00ebrsa pjes\u00eb e tij do t\u00eb b\u00ebhen vazhdimisht edhe personazhe t\u00eb njohur nga fusha t\u00eb ndryshme si arti, muzika, sporti dhe kinematografia.<\/p>\n<p>P\u00ebrmes nj\u00eb komunikimi t\u00eb drejtp\u00ebrdrejt\u00eb dhe nj\u00eb fryme interaktive, \u201cUrban Gen\u201d k\u00ebrkon t\u00eb krijoj\u00eb nj\u00eb lidhje t\u00eb fort\u00eb dhe t\u00eb sinqert\u00eb me audienc\u00ebn e re. E gjith\u00eb kjo do t\u00eb realizohet n\u00eb nj\u00eb studio me skenografi moderne dhe element\u00eb industrial\u00eb, e cila reflekton m\u00eb s\u00eb miri identitetin urban q\u00eb mbart vet\u00eb formati.<\/p>\n<p>Ky projekt vjen si nj\u00eb ide e Redian Prenit, me producente Ledja Likun, autore Leda Hys\u00ebn dhe n\u00ebn regjin\u00eb e Julian Dautajt.<\/p>\n<p>\u201cUrban Gen\u201d \u00ebsht\u00eb realizuar nga Fondacioni Dritan Hoxha n\u00eb bashk\u00ebpunim me Top Channel dhe pritet t\u00eb sjell\u00eb nj\u00eb frym\u00eb t\u00ebr\u00ebsisht t\u00eb re dhe t\u00eb fresk\u00ebt n\u00eb programacionin televiziv shqiptar k\u00ebt\u00eb sezon.<\/p>\n<div id=\"blogs-2132697717\" class=\"blogs-after-content blogs-entity-placement\"><div id=\"div-gpt-ad-1770230601260-0\" style=\"width:300px; height:600px;\"><\/div><\/div><div id=\"blogs-2478341767\" class=\"blogs-adsense-after-kontent blogs-entity-placement\"><script async src=\"https:\/\/pagead2.googlesyndication.com\/pagead\/js\/adsbygoogle.js\"\r\n     crossorigin=\"anonymous\"><\/script>\r\n<!-- Tiranaread -->\r\n<ins class=\"adsbygoogle\"\r\n     style=\"display:inline-block;width:728px;height:90px\"\r\n     data-ad-client=\"ca-pub-2355142065052501\"\r\n\t data-page-url=\"https:\/\/blogseyir.com\"\r\n     data-ad-slot=\"7464751963\"><\/ins>\r\n<script>\r\n     (adsbygoogle = window.adsbygoogle || []).push({});\r\n<\/script><\/div>","protected":false},"excerpt":{"rendered":"<p>Nj\u00eb format i ri televiziv dedikuar t\u00eb rinjve, i titulluar \u201cUrban Gen\u201d, pritet t\u00eb nis\u00eb transmetimin gjat\u00eb muajit prill n\u00eb ekranin e Top Channel, duke sjell\u00eb nj\u00eb qasje moderne dhe mjaft dinamike. N\u00ebn moderimin e dyshes Kristi Lamaj dhe Lei Kraja, ky emision synon t\u00eb nd\u00ebrtoj\u00eb nj\u00eb hap\u00ebsir\u00eb ku t\u00eb rinjt\u00eb mund t\u00eb shprehen lirsh\u00ebm, [&hellip;]<\/p>\n","protected":false},"author":1,"featured_media":44634,"comment_status":"open","ping_status":"closed","sticky":false,"template":"","format":"standard","meta":{"footnotes":""},"categories":[32],"tags":[2161,2517,97,2516],"class_list":["post-44632","post","type-post","status-publish","format-standard","has-post-thumbnail","hentry","category-te-fundit","tag-kristi-lamaj","tag-lei-kraja","tag-top-channel","tag-urban-gen"],"_links":{"self":[{"href":"https:\/\/blogseyir.com\/wp\/wp-json\/wp\/v2\/posts\/44632","targetHints":{"allow":["GET"]}}],"collection":[{"href":"https:\/\/blogseyir.com\/wp\/wp-json\/wp\/v2\/posts"}],"about":[{"href":"https:\/\/blogseyir.com\/wp\/wp-json\/wp\/v2\/types\/post"}],"author":[{"embeddable":true,"href":"https:\/\/blogseyir.com\/wp\/wp-json\/wp\/v2\/users\/1"}],"replies":[{"embeddable":true,"href":"https:\/\/blogseyir.com\/wp\/wp-json\/wp\/v2\/comments?post=44632"}],"version-history":[{"count":1,"href":"https:\/\/blogseyir.com\/wp\/wp-json\/wp\/v2\/posts\/44632\/revisions"}],"predecessor-version":[{"id":44633,"href":"https:\/\/blogseyir.com\/wp\/wp-json\/wp\/v2\/posts\/44632\/revisions\/44633"}],"wp:featuredmedia":[{"embeddable":true,"href":"https:\/\/blogseyir.com\/wp\/wp-json\/wp\/v2\/media\/44634"}],"wp:attachment":[{"href":"https:\/\/blogseyir.com\/wp\/wp-json\/wp\/v2\/media?parent=44632"}],"wp:term":[{"taxonomy":"category","embeddable":true,"href":"https:\/\/blogseyir.com\/wp\/wp-json\/wp\/v2\/categories?post=44632"},{"taxonomy":"post_tag","embeddable":true,"href":"https:\/\/blogseyir.com\/wp\/wp-json\/wp\/v2\/tags?post=44632"}],"curies":[{"name":"wp","href":"https:\/\/api.w.org\/{rel}","templated":true}]}}