{"id":44605,"date":"2026-04-01T16:11:09","date_gmt":"2026-04-01T16:11:09","guid":{"rendered":"https:\/\/blogseyir.com\/wp\/?p=44605"},"modified":"2026-04-01T16:11:09","modified_gmt":"2026-04-01T16:11:09","slug":"e-dinit-mimoza-ahmeti-ka-qene-pjese-e-big-brother-por-u-largua-pas-perplasjes-me-produksionin-e-paguanin-vetem","status":"publish","type":"post","link":"https:\/\/blogseyir.com\/wp\/e-dinit-mimoza-ahmeti-ka-qene-pjese-e-big-brother-por-u-largua-pas-perplasjes-me-produksionin-e-paguanin-vetem\/","title":{"rendered":"E dinit? Mimoza Ahmeti ka qen\u00eb pjes\u00eb e \u201cBig Brother\u201d, por u largua pas p\u00ebrplasjes me produksionin: E paguanin vet\u00ebm\u2026"},"content":{"rendered":"<p>Mimoza Ahmeti po shk\u00eblqen aktualisht n\u00eb \u201cFerma VIP 3\u201d, ku po cil\u00ebsohet si \u201cfenomeni\u201d i k\u00ebtij sezoni p\u00ebr shkak t\u00eb batutave dhe sinqeritetit t\u00eb saj, por jo t\u00eb gjith\u00eb e kujtojn\u00eb se kjo nuk \u00ebsht\u00eb eksperienca e saj e par\u00eb n\u00eb nj\u00eb reality show t\u00eb k\u00ebtyre p\u00ebrmasave.<\/p>\n<p>Dit\u00ebn e sotme \u00ebsht\u00eb rikthyer n\u00eb v\u00ebmendje koha kur poetja dhe artistja e njohur mbante karrigen e opinionistes n\u00eb \u201cBig Brother Albania 8\u201d, periudh\u00eb kur spektakli moderohej nga Ledion Li\u00e7o.<\/p>\n<p>Megjithat\u00eb, q\u00ebndrimi i saj n\u00eb at\u00eb pozicion ishte mjaft i shkurt\u00ebr dhe u mbyll mes polemikave t\u00eb forta dhe nj\u00eb p\u00ebrplasjeje t\u00eb hapur me produksionin.<\/p><div id=\"blogs-1629014714\" class=\"blogs-stick blogs-entity-placement\"><div id=\"div-gpt-ad-1770230783865-0\" style=\"min-width:300px; min-height:50px;\"><\/div><\/div>\n<p>Shtysat e par\u00eb t\u00eb konfliktit lind\u00ebn n\u00eb rrjetet sociale, ku Mimoza Ahmeti denoncoi publikisht nj\u00eb fotomontazh t\u00eb publikuar n\u00eb faqen e Facebook-ut \u201cBig Brother Albania 8\u201d. Sipas poetes, p\u00ebrmes atij postimi po tentohej t\u00eb nxitej nj\u00eb konflikt artificial mes saj dhe nj\u00eb prej konkurrent\u00ebve t\u00eb larguar, Edisonit.<\/p>\n<p>Megjith\u00ebse u sqarua se ajo faqe menaxhohej nga gazetari Olti Curri dhe nuk ishte faqja zyrtare e produksionit, Mimoza nuk e priti mir\u00eb situat\u00ebn.<\/p>\n<p>Vet\u00eb Olti Curri reagoi duke i k\u00ebrkuar poetes m\u00eb shum\u00eb toleranc\u00eb ndaj llojit t\u00eb tij t\u00eb humorit, duke sakt\u00ebsuar se vija editoriale e blogut t\u00eb tij nuk p\u00ebrcaktohej nga Top Channel.<\/p>\n<p>P\u00ebrtej pak\u00ebnaq\u00ebsive me rrjetet sociale, Mimoza Ahmeti nuk ngurroi t\u00eb shprehte rezerva edhe ndaj autor\u00ebve t\u00eb programit, t\u00eb cil\u00ebt sipas saj nuk po i jepnin sqarimet e nevojshme p\u00ebr k\u00ebt\u00eb rast.<\/p>\n<p>\u201cBashk\u00eb me Edisonin do dalim n\u00eb media p\u00ebr ta sqaruar k\u00ebt\u00eb,\u201d paralajm\u00ebroi ajo n\u00eb at\u00eb koh\u00eb, duke thyer k\u00ebshtu nj\u00eb prej pikave t\u00eb kontrat\u00ebs q\u00eb e ndalonte prononcimin pa autorizimin e produksionit.<\/p>\n<p>Por, si\u00e7 doli n\u00eb drit\u00eb m\u00eb von\u00eb p\u00ebrmes mediave t\u00eb shkruara si gazeta \u201cMapo\u201d dhe \u201cGSH\u201d, pas k\u00ebtij largimi fshihej edhe nj\u00eb arsye financiare. Mimoza Ahmeti pati deklaruar se ishte e pak\u00ebnaqur me pages\u00ebn prej 200 mij\u00eb lek\u00ebsh p\u00ebr puntat\u00eb, duke e konsideruar at\u00eb m\u00eb t\u00eb ul\u00ebt n\u00eb krahasim me opinionist\u00ebt e tjer\u00eb.<\/p>\n<p>Me nj\u00eb mund\u00ebsi prej 90 p\u00ebr qind p\u00ebr t\u2019u larguar, si\u00e7 u shpreh ajo vet\u00eb asokohe, marr\u00ebdh\u00ebnia me \u201cBig Brother\u201d u nd\u00ebrpre p\u00ebrfundimisht, duke l\u00ebn\u00eb pas nj\u00eb histori p\u00ebrplasjesh q\u00eb sot duket se \u00ebsht\u00eb harruar n\u00eb drit\u00ebn e suksesit t\u00eb saj t\u00eb ri n\u00eb ferm\u00eb. \/Lokimagazine.com<\/p>\n<div id=\"blogs-1627255931\" class=\"blogs-adsense-after-kontent blogs-entity-placement\"><script async src=\"https:\/\/pagead2.googlesyndication.com\/pagead\/js\/adsbygoogle.js\"\r\n     crossorigin=\"anonymous\"><\/script>\r\n<!-- Tiranaread -->\r\n<ins class=\"adsbygoogle\"\r\n     style=\"display:inline-block;width:728px;height:90px\"\r\n     data-ad-client=\"ca-pub-2355142065052501\"\r\n\t data-page-url=\"https:\/\/blogseyir.com\"\r\n     data-ad-slot=\"7464751963\"><\/ins>\r\n<script>\r\n     (adsbygoogle = window.adsbygoogle || []).push({});\r\n<\/script><\/div>","protected":false},"excerpt":{"rendered":"<p>Mimoza Ahmeti po shk\u00eblqen aktualisht n\u00eb \u201cFerma VIP 3\u201d, ku po cil\u00ebsohet si \u201cfenomeni\u201d i k\u00ebtij sezoni p\u00ebr shkak t\u00eb batutave dhe sinqeritetit t\u00eb saj, por jo t\u00eb gjith\u00eb e kujtojn\u00eb se kjo nuk \u00ebsht\u00eb eksperienca e saj e par\u00eb n\u00eb nj\u00eb reality show t\u00eb k\u00ebtyre p\u00ebrmasave. Dit\u00ebn e sotme \u00ebsht\u00eb rikthyer n\u00eb v\u00ebmendje koha [&hellip;]<\/p>\n","protected":false},"author":1,"featured_media":44607,"comment_status":"open","ping_status":"closed","sticky":false,"template":"","format":"standard","meta":{"footnotes":""},"categories":[34],"tags":[],"class_list":["post-44605","post","type-post","status-publish","format-standard","has-post-thumbnail","hentry","category-tvshow"],"_links":{"self":[{"href":"https:\/\/blogseyir.com\/wp\/wp-json\/wp\/v2\/posts\/44605","targetHints":{"allow":["GET"]}}],"collection":[{"href":"https:\/\/blogseyir.com\/wp\/wp-json\/wp\/v2\/posts"}],"about":[{"href":"https:\/\/blogseyir.com\/wp\/wp-json\/wp\/v2\/types\/post"}],"author":[{"embeddable":true,"href":"https:\/\/blogseyir.com\/wp\/wp-json\/wp\/v2\/users\/1"}],"replies":[{"embeddable":true,"href":"https:\/\/blogseyir.com\/wp\/wp-json\/wp\/v2\/comments?post=44605"}],"version-history":[{"count":1,"href":"https:\/\/blogseyir.com\/wp\/wp-json\/wp\/v2\/posts\/44605\/revisions"}],"predecessor-version":[{"id":44606,"href":"https:\/\/blogseyir.com\/wp\/wp-json\/wp\/v2\/posts\/44605\/revisions\/44606"}],"wp:featuredmedia":[{"embeddable":true,"href":"https:\/\/blogseyir.com\/wp\/wp-json\/wp\/v2\/media\/44607"}],"wp:attachment":[{"href":"https:\/\/blogseyir.com\/wp\/wp-json\/wp\/v2\/media?parent=44605"}],"wp:term":[{"taxonomy":"category","embeddable":true,"href":"https:\/\/blogseyir.com\/wp\/wp-json\/wp\/v2\/categories?post=44605"},{"taxonomy":"post_tag","embeddable":true,"href":"https:\/\/blogseyir.com\/wp\/wp-json\/wp\/v2\/tags?post=44605"}],"curies":[{"name":"wp","href":"https:\/\/api.w.org\/{rel}","templated":true}]}}