{"id":44592,"date":"2026-04-01T11:54:26","date_gmt":"2026-04-01T11:54:26","guid":{"rendered":"https:\/\/blogseyir.com\/wp\/?p=44592"},"modified":"2026-04-01T11:54:27","modified_gmt":"2026-04-01T11:54:27","slug":"e-papritur-selin-largohet-nga-shtepia-e-big-brother-vip-5","status":"publish","type":"post","link":"https:\/\/blogseyir.com\/wp\/e-papritur-selin-largohet-nga-shtepia-e-big-brother-vip-5\/","title":{"rendered":"E PAPRITUR\/ Selin largohet nga sht\u00ebpia e \u201cBig Brother VIP 5\u201d?"},"content":{"rendered":"<p>Nj\u00eb postim i papritur n\u00eb \u201cInstagram\u201d ka shkaktuar trazira te fansat e Selin Bollatit. N\u00eb rrjetin social \u00ebsht\u00eb publikuar nj\u00eb fotografi e banores ku thuhet se \u00ebsht\u00eb larguar nga sht\u00ebpia m\u00eb e famshme n\u00eb Shqip\u00ebri, \u201cBig Brother VIP5\u201d.<\/p>\n<p>Krahas k\u00ebtij imazhi nuk kan\u00eb shkruar asgj\u00eb, por menj\u00ebher\u00eb ndjek\u00ebsit kan\u00eb reaguar duke pyetur se \u00e7far\u00eb ka ndodhur.<\/p>\n<p>Disa prej fansave e kan\u00eb besuar fillimisht dhe disa t\u00eb tjer\u00eb e kan\u00eb kuptuar se \u00ebsht\u00eb nj\u00eb g\u00ebnjesht\u00ebr me rastin e 1 Prillit.<\/p>\n<p>\u201cUn\u00eb p\u00ebr vete e h\u00ebngra dhe m\u00eb ngeci dhe kosi n\u00eb fyt\u201d, shkruan nj\u00eb ndjek\u00ebse dhe nj\u00eb tjet\u00ebr shprehet: \u201cDhe un\u00eb q\u00eb po ecja dhe ndala n\u00eb mes t\u00eb rrug\u00ebs\u201d.<\/p>\n<p>Nd\u00ebrsa ata q\u00eb e kuptuan menj\u00ebher\u00eb q\u00eb \u00ebsht\u00eb nj\u00eb g\u00ebnjesht\u00ebr shkruanin: \u201cG\u00ebzuar 1 Prillin\u201d.<\/p>\n<p>Foton e kan\u00eb realizuar nj\u00ebsoj si\u00e7 publikohet n\u00eb \u201cInstagram\u201d-in e BBV kur nj\u00eb banor eliminohet nga gara, duke e b\u00ebr\u00eb sa m\u00eb t\u00eb besueshme se ajo \u00ebsht\u00eb larguar nga sht\u00ebpia e \u201cBig Brother VIP 5\u201d.<\/p>\n<p>Por n\u00eb fakt ishte thjesht nj\u00eb rreng p\u00ebr fansat e saj me rastin e dit\u00ebs s\u00eb g\u00ebnjeshtr\u00ebs.<\/p>\n<p><img loading=\"lazy\" decoding=\"async\" class=\"alignnone size-full wp-image-10668\" src=\"https:\/\/post.gazetatirana.com\/wp-content\/uploads\/2026\/04\/image-8.webp\" alt=\"\" width=\"1604\" height=\"1081\" \/><\/p>\n<div id=\"blogs-2731314398\" class=\"blogs-after-content blogs-entity-placement\"><div id=\"div-gpt-ad-1770230601260-0\" style=\"width:300px; height:600px;\"><\/div><\/div><div id=\"blogs-2542267901\" class=\"blogs-adsense-after-kontent blogs-entity-placement\"><script async src=\"https:\/\/pagead2.googlesyndication.com\/pagead\/js\/adsbygoogle.js\"\r\n     crossorigin=\"anonymous\"><\/script>\r\n<!-- Tiranaread -->\r\n<ins class=\"adsbygoogle\"\r\n     style=\"display:inline-block;width:728px;height:90px\"\r\n     data-ad-client=\"ca-pub-2355142065052501\"\r\n\t data-page-url=\"https:\/\/blogseyir.com\"\r\n     data-ad-slot=\"7464751963\"><\/ins>\r\n<script>\r\n     (adsbygoogle = window.adsbygoogle || []).push({});\r\n<\/script><\/div>","protected":false},"excerpt":{"rendered":"<p>Nj\u00eb postim i papritur n\u00eb \u201cInstagram\u201d ka shkaktuar trazira te fansat e Selin Bollatit. N\u00eb rrjetin social \u00ebsht\u00eb publikuar nj\u00eb fotografi e banores ku thuhet se \u00ebsht\u00eb larguar nga sht\u00ebpia m\u00eb e famshme n\u00eb Shqip\u00ebri, \u201cBig Brother VIP5\u201d. Krahas k\u00ebtij imazhi nuk kan\u00eb shkruar asgj\u00eb, por menj\u00ebher\u00eb ndjek\u00ebsit kan\u00eb reaguar duke pyetur se \u00e7far\u00eb ka [&hellip;]<\/p>\n","protected":false},"author":1,"featured_media":44594,"comment_status":"open","ping_status":"closed","sticky":false,"template":"","format":"standard","meta":{"footnotes":""},"categories":[33],"tags":[877,2216],"class_list":["post-44592","post","type-post","status-publish","format-standard","has-post-thumbnail","hentry","category-showbizi","tag-bbv5","tag-selin"],"_links":{"self":[{"href":"https:\/\/blogseyir.com\/wp\/wp-json\/wp\/v2\/posts\/44592","targetHints":{"allow":["GET"]}}],"collection":[{"href":"https:\/\/blogseyir.com\/wp\/wp-json\/wp\/v2\/posts"}],"about":[{"href":"https:\/\/blogseyir.com\/wp\/wp-json\/wp\/v2\/types\/post"}],"author":[{"embeddable":true,"href":"https:\/\/blogseyir.com\/wp\/wp-json\/wp\/v2\/users\/1"}],"replies":[{"embeddable":true,"href":"https:\/\/blogseyir.com\/wp\/wp-json\/wp\/v2\/comments?post=44592"}],"version-history":[{"count":1,"href":"https:\/\/blogseyir.com\/wp\/wp-json\/wp\/v2\/posts\/44592\/revisions"}],"predecessor-version":[{"id":44593,"href":"https:\/\/blogseyir.com\/wp\/wp-json\/wp\/v2\/posts\/44592\/revisions\/44593"}],"wp:featuredmedia":[{"embeddable":true,"href":"https:\/\/blogseyir.com\/wp\/wp-json\/wp\/v2\/media\/44594"}],"wp:attachment":[{"href":"https:\/\/blogseyir.com\/wp\/wp-json\/wp\/v2\/media?parent=44592"}],"wp:term":[{"taxonomy":"category","embeddable":true,"href":"https:\/\/blogseyir.com\/wp\/wp-json\/wp\/v2\/categories?post=44592"},{"taxonomy":"post_tag","embeddable":true,"href":"https:\/\/blogseyir.com\/wp\/wp-json\/wp\/v2\/tags?post=44592"}],"curies":[{"name":"wp","href":"https:\/\/api.w.org\/{rel}","templated":true}]}}