{"id":44479,"date":"2026-03-31T08:07:44","date_gmt":"2026-03-31T08:07:44","guid":{"rendered":"https:\/\/blogseyir.com\/wp\/?p=44479"},"modified":"2026-03-31T08:07:44","modified_gmt":"2026-03-31T08:07:44","slug":"thonte-gjithmone-i-shkreti-njihuni-me-ish-bashkeshortin-e-mimoza-ahmetit-shkrimtarin-e-njohur-shqiptar","status":"publish","type":"post","link":"https:\/\/blogseyir.com\/wp\/thonte-gjithmone-i-shkreti-njihuni-me-ish-bashkeshortin-e-mimoza-ahmetit-shkrimtarin-e-njohur-shqiptar\/","title":{"rendered":"&#8216;Thonte gjithmon\u00eb i shkreti&#8230;&#8217; Njihuni me ish bashk\u00ebshortin e Mimoza Ahmetit, shkrimtarin e njohur shqiptar!"},"content":{"rendered":"<p>Shkrimtarja dhe poetja e njohur, Mimoza Ahmeti, \u00ebsht\u00eb kthyer n\u00eb nj\u00eb fenomen t\u00eb v\u00ebrtet\u00eb q\u00eb me pjes\u00ebmarrjen e saj n\u00eb edicionin e tret\u00eb t\u00eb \u201cFerma VIP\u201d.<\/p>\n<p>Rrjetet sociale jan\u00eb pushtuar tashm\u00eb nga videot dhe batutat e saj spontane, duke e b\u00ebr\u00eb at\u00eb nj\u00eb nga personazhet m\u00eb t\u00eb komentuar, ndon\u00ebse ndodhet ende n\u00eb dit\u00ebt e para t\u00eb q\u00ebndrimit.<\/p>\n<p>Pavar\u00ebsisht se publiku po e shijon pafund k\u00ebt\u00eb an\u00eb karizmatike dhe t\u00eb drejtp\u00ebrdrejt\u00eb t\u00eb saj brenda sht\u00ebpis\u00eb, shum\u00eb pak detaje jan\u00eb t\u00eb njohura p\u00ebr publikun e gjer\u00eb rreth jet\u00ebs s\u00eb saj private.<\/p>\n<p>Mimoza \u00ebsht\u00eb n\u00ebn\u00eb e dy vajzave, nd\u00ebrsa ish-bashk\u00ebshorti i saj \u00ebsht\u00eb pik\u00ebrisht studiuesi i njohur shqiptar, Aurel Plasari.<\/p>\n<p>Gjat\u00eb bisedave t\u00eb saj n\u00eb ferm\u00eb, ajo nuk ka hezituar ta p\u00ebrmend\u00eb ish-bashk\u00ebshortin, duke ndar\u00eb me konkurrent\u00ebt e tjer\u00eb nj\u00eb detaj mjaft komik nga e kaluara e tyre.<\/p>\n<p>Duke shkaktuar t\u00eb qeshura t\u00eb shumta n\u00eb grup, shkrimtarja zbuloi nj\u00eb fraz\u00eb q\u00eb ai e p\u00ebrdorte shpesh kur b\u00ebhej fjal\u00eb p\u00ebr t\u00eb.<\/p>\n<p><img loading=\"lazy\" decoding=\"async\" class=\"alignnone size-full wp-image-10450\" src=\"https:\/\/post.gazetatirana.com\/wp-content\/uploads\/2026\/03\/image-433.webp\" alt=\"\" width=\"835\" height=\"783\" \/><\/p>\n<p>\u201cBashk\u00ebshorti im thoshte gjith\u00eb i shkreti: \u2018Gjall\u00eb \u00ebsht\u00eb, por m\u00eb duket sikur\u2026 Moz\u00ebs mos i flisni pas or\u00ebs 12, se nuk di \u00e7far\u00eb thot\u00eb\u2019\u201d, \u00ebsht\u00eb shprehur Mimoza mes humorit.<\/p>\n<p>Ky moment thekson edhe nj\u00eb her\u00eb natyr\u00ebn e saj pa komplekse dhe aft\u00ebsin\u00eb e rrall\u00eb p\u00ebr t\u00eb dhuruar spektak\u00ebl qoft\u00eb edhe p\u00ebrmes rr\u00ebfimeve t\u00eb thjeshta nga jeta e saj personale.<\/p>\n<div id=\"blogs-1301727733\" class=\"blogs-after-content blogs-entity-placement\"><div id=\"div-gpt-ad-1770230601260-0\" style=\"width:300px; height:600px;\"><\/div><\/div><div id=\"blogs-891673092\" class=\"blogs-adsense-after-kontent blogs-entity-placement\"><script async src=\"https:\/\/pagead2.googlesyndication.com\/pagead\/js\/adsbygoogle.js\"\r\n     crossorigin=\"anonymous\"><\/script>\r\n<!-- Tiranaread -->\r\n<ins class=\"adsbygoogle\"\r\n     style=\"display:inline-block;width:728px;height:90px\"\r\n     data-ad-client=\"ca-pub-2355142065052501\"\r\n\t data-page-url=\"https:\/\/blogseyir.com\"\r\n     data-ad-slot=\"7464751963\"><\/ins>\r\n<script>\r\n     (adsbygoogle = window.adsbygoogle || []).push({});\r\n<\/script><\/div>","protected":false},"excerpt":{"rendered":"<p>Shkrimtarja dhe poetja e njohur, Mimoza Ahmeti, \u00ebsht\u00eb kthyer n\u00eb nj\u00eb fenomen t\u00eb v\u00ebrtet\u00eb q\u00eb me pjes\u00ebmarrjen e saj n\u00eb edicionin e tret\u00eb t\u00eb \u201cFerma VIP\u201d. Rrjetet sociale jan\u00eb pushtuar tashm\u00eb nga videot dhe batutat e saj spontane, duke e b\u00ebr\u00eb at\u00eb nj\u00eb nga personazhet m\u00eb t\u00eb komentuar, ndon\u00ebse ndodhet ende n\u00eb dit\u00ebt e para [&hellip;]<\/p>\n","protected":false},"author":1,"featured_media":44481,"comment_status":"open","ping_status":"closed","sticky":false,"template":"","format":"standard","meta":{"footnotes":""},"categories":[32],"tags":[637,1373],"class_list":["post-44479","post","type-post","status-publish","format-standard","has-post-thumbnail","hentry","category-te-fundit","tag-ferma-vip","tag-mimoza-ahmeti"],"_links":{"self":[{"href":"https:\/\/blogseyir.com\/wp\/wp-json\/wp\/v2\/posts\/44479","targetHints":{"allow":["GET"]}}],"collection":[{"href":"https:\/\/blogseyir.com\/wp\/wp-json\/wp\/v2\/posts"}],"about":[{"href":"https:\/\/blogseyir.com\/wp\/wp-json\/wp\/v2\/types\/post"}],"author":[{"embeddable":true,"href":"https:\/\/blogseyir.com\/wp\/wp-json\/wp\/v2\/users\/1"}],"replies":[{"embeddable":true,"href":"https:\/\/blogseyir.com\/wp\/wp-json\/wp\/v2\/comments?post=44479"}],"version-history":[{"count":1,"href":"https:\/\/blogseyir.com\/wp\/wp-json\/wp\/v2\/posts\/44479\/revisions"}],"predecessor-version":[{"id":44480,"href":"https:\/\/blogseyir.com\/wp\/wp-json\/wp\/v2\/posts\/44479\/revisions\/44480"}],"wp:featuredmedia":[{"embeddable":true,"href":"https:\/\/blogseyir.com\/wp\/wp-json\/wp\/v2\/media\/44481"}],"wp:attachment":[{"href":"https:\/\/blogseyir.com\/wp\/wp-json\/wp\/v2\/media?parent=44479"}],"wp:term":[{"taxonomy":"category","embeddable":true,"href":"https:\/\/blogseyir.com\/wp\/wp-json\/wp\/v2\/categories?post=44479"},{"taxonomy":"post_tag","embeddable":true,"href":"https:\/\/blogseyir.com\/wp\/wp-json\/wp\/v2\/tags?post=44479"}],"curies":[{"name":"wp","href":"https:\/\/api.w.org\/{rel}","templated":true}]}}