{"id":44245,"date":"2026-03-28T10:06:54","date_gmt":"2026-03-28T10:06:54","guid":{"rendered":"https:\/\/blogseyir.com\/wp\/?p=44245"},"modified":"2026-03-28T10:06:55","modified_gmt":"2026-03-28T10:06:55","slug":"pamje-te-renda-jul-deda-publikon-videon-pamje-e-pazakonte","status":"publish","type":"post","link":"https:\/\/blogseyir.com\/wp\/pamje-te-renda-jul-deda-publikon-videon-pamje-e-pazakonte\/","title":{"rendered":"\u201cPamje t\u00eb r\u00ebnda\u201d\/ Jul Deda publikon videon: Pamje e pazakont\u00eb\u2026"},"content":{"rendered":"<p>Nj\u00eb tjet\u00ebr situat\u00eb e tensionuar n\u00eb sht\u00ebpin\u00eb e \u201cBig Brother VIP\u201d ka t\u00ebrhequr v\u00ebmendjen e aktorit Jul Deda, i cili ka zgjedhur ta komentoj\u00eb ngjarjen me nota t\u00eb theksuara ironie n\u00eb rrjetet e tij sociale.<\/p>\n<p>B\u00ebhet fjal\u00eb p\u00ebr nj\u00eb moment ku Rogerti ka hedhur nj\u00eb sasi brumi n\u00eb mbeturina, veprim ky q\u00eb ka shkaktuar reagime t\u00eb ashpra nga pjesa tjet\u00ebr e banor\u00ebve.<\/p>\n<p>N\u00eb videon e publikuar, d\u00ebgjohet fillimisht Rogerti i cili pranon veprimin e tij duke th\u00ebn\u00eb: \u201cE hodha brumin n\u00eb kosh\u201d. Kjo ka sjell\u00eb menj\u00ebher\u00eb kritik\u00ebn e Selin\u00ebs e cila i kthehet: \u201cS\u2019t\u00eb vjen zor, s\u2019t\u00eb vjen\u201d.<\/p>\n<p>Nd\u00ebrkoh\u00eb, Mateo e ka d\u00ebnuar ashp\u00ebr k\u00ebt\u00eb gjest duke k\u00ebrkuar indirekt marrjen e masave nga produksioni. Ai d\u00ebgjohet t\u00eb thot\u00eb sakt\u00ebsisht: \u201cAi meriton zarfin e zi. Dhe thot\u00eb kam halle, probleme, borxhe p\u00ebr t\u00eb lar\u00eb, kam ardhur t\u00eb p\u00ebrmir\u00ebsoj jet\u00ebn. \u00c7a jete do p\u00ebrmir\u00ebsosh ti shkel buk\u00ebn me k\u00ebmb\u00eb. Pak se po i bie qylit k\u00ebtu po ha falas\u201d.<\/p>\n<p>P\u00ebrball\u00eb k\u00ebsaj situat\u00eb t\u00eb cil\u00ebsuar si dramatike brenda sht\u00ebpis\u00eb, Jul Deda ka reaguar duke theksuar nj\u00eb lloj standardi t\u00eb dyfisht\u00eb mes konkurrent\u00ebve.<\/p>\n<p>Ai e nis komentin e tij me sarkaz\u00ebm: \u201cNj\u00eb ngjarje e r\u00ebnd\u00eb ka ndodhur mbr\u00ebm\u00eb n\u00eb sht\u00ebpin\u00eb e Big Brother-it. Kujdes jan\u00eb pamje shum\u00eb t\u00eb r\u00ebnda\u201d.<\/p>\n<p>M\u00eb tej ai vazhdon duke analizuar reagimin e tyre: \u201cKy \u00ebsht\u00eb fundi, fundi i njer\u00ebzimit. Mori brumin e hodhi n\u00eb kosh. \u00c7far\u00eb ka ndodhur, uaa, dramat e m\u00ebdhaja\u2026 Hajde mor ta vrasim Rogertin q\u00eb hodhi miell me uj\u00eb brenda\u2026. Dram\u00eb e madhe mir\u00ebpo gjith\u00eb k\u00ebta q\u00eb po na e b\u00ebjn\u00eb kaq dram\u00eb k\u00ebt\u00eb brumin, shikojeni si kan\u00eb luajtur me ushqim para ca kohe\u201d.<\/p>\n<p>P\u00ebr t\u00eb mb\u00ebshtetur q\u00ebndrimin e tij, aktori ka bashkangjitur nj\u00eb tjet\u00ebr video t\u00eb filmuar m\u00eb her\u00ebt n\u00eb sht\u00ebpi, ku shfaqet vet\u00eb Mateo s\u00eb bashku me Selin\u00ebn dhe banor\u00eb t\u00eb tjer\u00eb.<\/p>\n<p>N\u00eb ato pamje, ata shihen duke luajtur nj\u00eb loj\u00eb ku godasin nj\u00ebri-tjetrin n\u00eb fytyr\u00eb me pite, nd\u00ebrsa mbajn\u00eb goj\u00ebn mbushur me uj\u00eb me kushtin q\u00eb t\u00eb mos qeshin.<\/p>\n<p><iframe loading=\"lazy\" class=\"wp-embedded-content\" sandbox=\"allow-scripts\" security=\"restricted\" title=\"snaptik_7621883462848400672_v3-1\" src=\"https:\/\/streamable.com\/o\/hriggj#?secret=zectY2AMmX\" data-secret=\"zectY2AMmX\" frameborder=\"0\" scrolling=\"no\" width=\"576\" height=\"1024\"><\/iframe><\/p>\n<div id=\"blogs-2015372945\" class=\"blogs-after-content blogs-entity-placement\"><div id=\"div-gpt-ad-1770230601260-0\" style=\"width:300px; height:600px;\"><\/div><\/div><div id=\"blogs-1844460823\" class=\"blogs-adsense-after-kontent blogs-entity-placement\"><script async src=\"https:\/\/pagead2.googlesyndication.com\/pagead\/js\/adsbygoogle.js\"\r\n     crossorigin=\"anonymous\"><\/script>\r\n<!-- Tiranaread -->\r\n<ins class=\"adsbygoogle\"\r\n     style=\"display:inline-block;width:728px;height:90px\"\r\n     data-ad-client=\"ca-pub-2355142065052501\"\r\n\t data-page-url=\"https:\/\/blogseyir.com\"\r\n     data-ad-slot=\"7464751963\"><\/ins>\r\n<script>\r\n     (adsbygoogle = window.adsbygoogle || []).push({});\r\n<\/script><\/div>","protected":false},"excerpt":{"rendered":"<p>Nj\u00eb tjet\u00ebr situat\u00eb e tensionuar n\u00eb sht\u00ebpin\u00eb e \u201cBig Brother VIP\u201d ka t\u00ebrhequr v\u00ebmendjen e aktorit Jul Deda, i cili ka zgjedhur ta komentoj\u00eb ngjarjen me nota t\u00eb theksuara ironie n\u00eb rrjetet e tij sociale. B\u00ebhet fjal\u00eb p\u00ebr nj\u00eb moment ku Rogerti ka hedhur nj\u00eb sasi brumi n\u00eb mbeturina, veprim ky q\u00eb ka shkaktuar reagime [&hellip;]<\/p>\n","protected":false},"author":1,"featured_media":44247,"comment_status":"open","ping_status":"closed","sticky":false,"template":"","format":"standard","meta":{"footnotes":""},"categories":[33],"tags":[877,338],"class_list":["post-44245","post","type-post","status-publish","format-standard","has-post-thumbnail","hentry","category-showbizi","tag-bbv5","tag-jul-deda"],"_links":{"self":[{"href":"https:\/\/blogseyir.com\/wp\/wp-json\/wp\/v2\/posts\/44245","targetHints":{"allow":["GET"]}}],"collection":[{"href":"https:\/\/blogseyir.com\/wp\/wp-json\/wp\/v2\/posts"}],"about":[{"href":"https:\/\/blogseyir.com\/wp\/wp-json\/wp\/v2\/types\/post"}],"author":[{"embeddable":true,"href":"https:\/\/blogseyir.com\/wp\/wp-json\/wp\/v2\/users\/1"}],"replies":[{"embeddable":true,"href":"https:\/\/blogseyir.com\/wp\/wp-json\/wp\/v2\/comments?post=44245"}],"version-history":[{"count":1,"href":"https:\/\/blogseyir.com\/wp\/wp-json\/wp\/v2\/posts\/44245\/revisions"}],"predecessor-version":[{"id":44246,"href":"https:\/\/blogseyir.com\/wp\/wp-json\/wp\/v2\/posts\/44245\/revisions\/44246"}],"wp:featuredmedia":[{"embeddable":true,"href":"https:\/\/blogseyir.com\/wp\/wp-json\/wp\/v2\/media\/44247"}],"wp:attachment":[{"href":"https:\/\/blogseyir.com\/wp\/wp-json\/wp\/v2\/media?parent=44245"}],"wp:term":[{"taxonomy":"category","embeddable":true,"href":"https:\/\/blogseyir.com\/wp\/wp-json\/wp\/v2\/categories?post=44245"},{"taxonomy":"post_tag","embeddable":true,"href":"https:\/\/blogseyir.com\/wp\/wp-json\/wp\/v2\/tags?post=44245"}],"curies":[{"name":"wp","href":"https:\/\/api.w.org\/{rel}","templated":true}]}}