{"id":43508,"date":"2026-03-15T13:18:33","date_gmt":"2026-03-15T13:18:33","guid":{"rendered":"https:\/\/blogseyir.com\/wp\/?p=43508"},"modified":"2026-03-15T13:18:33","modified_gmt":"2026-03-15T13:18:33","slug":"jam-ne-babai-i-selin-i-ashper-me-mirin-e-kam-neveri-mos-me-beni","status":"publish","type":"post","link":"https:\/\/blogseyir.com\/wp\/jam-ne-babai-i-selin-i-ashper-me-mirin-e-kam-neveri-mos-me-beni\/","title":{"rendered":"\u201cJam n\u00eb&#8230;\u201d\/ Babai i Selin i ashp\u00ebr me Mirin: E kam neveri, mos m\u00eb b\u00ebni&#8230;"},"content":{"rendered":"<p>Babai i Selin, Toni Bollati, ka dh\u00ebn\u00eb sot nj\u00eb intervist\u00eb p\u00ebr emisionin \u201cFan Club\u201d, ku ka komentuar loj\u00ebn e s\u00eb bij\u00ebs brenda sht\u00ebpis\u00eb m\u00eb t\u00eb famshme n\u00eb Shqip\u00ebri, \u201cBig Brother VIP 5\u201d.<\/p>\n<p>P\u00ebrmes nj\u00eb lidhje telefonike, ai komentoi edhe deklaratat e forta q\u00eb Rogert Sterkaj ka b\u00ebr\u00eb kundrejt tij, duke th\u00ebn\u00eb se ndodhet n\u00eb burg.<\/p>\n<p>I pyetur nga moderatorja e programit, Kiara Tito, q\u00eb i q\u00ebndron fjal\u00ebve q\u00eb ai ka th\u00ebn\u00eb p\u00ebr Armir Shahinin,<\/p>\n<p>zoti Bollati u p\u00ebrgjigj duke th\u00ebn\u00eb q\u00eb i q\u00ebndron fjal\u00ebve p\u00ebr Mirin deri sa t\u00eb vdes\u00eb. Madje ai shtoi se ka \u201cneveri p\u00ebr at\u00eb person\u201d.<\/p>\n<p>\u201cUn\u00eb n\u00eb k\u00ebto momente ndodhem si kokrra e moll\u00ebs, ashtu si ka th\u00ebn\u00eb edhe vajza ime. Jam n\u00eb Afrik\u00eb t\u00eb Jugut. Un\u00eb jam shum\u00eb mir\u00eb edhe mund t\u00eb b\u00ebjm\u00eb edhe nj\u00eb video call edhe e shikoni sa mir\u00eb q\u00eb jam. P\u00ebr deklarat\u00ebn q\u00eb kam b\u00ebr\u00eb p\u00ebr Mirin, nuk jam pishman zero. I q\u00ebndroj fjal\u00ebve t\u00eb mia deri n\u00eb vdekje.<\/p>\n<p>Selin \u00ebsht\u00eb njeri i bes\u00ebs edhe n\u00eb asnj\u00eb moment nuk e nomininoi Mirin deri sa e pa si \u00ebsht\u00eb e v\u00ebrteta. Edhe p\u00ebr bes\u00ebn q\u00eb i dha atij n\u00eb fillim t\u00eb programit, e ka mbajtur at\u00eb bes\u00eb deri n\u00eb fund, derisa e kuptoi q\u00eb e ka keqp\u00ebrdorur k\u00ebt\u00eb bes\u00eb. Mos m\u00eb b\u00ebni m\u00eb pyetje p\u00ebr at\u00eb, e kam neveri, nuk dua t\u00eb flas m\u00eb edhe t\u2019i jap vlera m\u00eb atij.<\/p>\n<p>Un\u00eb jam shum\u00eb krenar p\u00ebr vajz\u00ebn time, e kam mbret\u00ebresh\u00eb\u201d, tha babi i Selin.<\/p>\n<div id=\"blogs-1279234480\" class=\"blogs-after-content blogs-entity-placement\"><div id=\"div-gpt-ad-1770230601260-0\" style=\"width:300px; height:600px;\"><\/div><\/div><div id=\"blogs-3361489287\" class=\"blogs-adsense-after-kontent blogs-entity-placement\"><script async src=\"https:\/\/pagead2.googlesyndication.com\/pagead\/js\/adsbygoogle.js\"\r\n     crossorigin=\"anonymous\"><\/script>\r\n<!-- Tiranaread -->\r\n<ins class=\"adsbygoogle\"\r\n     style=\"display:inline-block;width:728px;height:90px\"\r\n     data-ad-client=\"ca-pub-2355142065052501\"\r\n\t data-page-url=\"https:\/\/blogseyir.com\"\r\n     data-ad-slot=\"7464751963\"><\/ins>\r\n<script>\r\n     (adsbygoogle = window.adsbygoogle || []).push({});\r\n<\/script><\/div>","protected":false},"excerpt":{"rendered":"<p>Babai i Selin, Toni Bollati, ka dh\u00ebn\u00eb sot nj\u00eb intervist\u00eb p\u00ebr emisionin \u201cFan Club\u201d, ku ka komentuar loj\u00ebn e s\u00eb bij\u00ebs brenda sht\u00ebpis\u00eb m\u00eb t\u00eb famshme n\u00eb Shqip\u00ebri, \u201cBig Brother VIP 5\u201d. P\u00ebrmes nj\u00eb lidhje telefonike, ai komentoi edhe deklaratat e forta q\u00eb Rogert Sterkaj ka b\u00ebr\u00eb kundrejt tij, duke th\u00ebn\u00eb se ndodhet n\u00eb burg. [&hellip;]<\/p>\n","protected":false},"author":1,"featured_media":43510,"comment_status":"open","ping_status":"closed","sticky":false,"template":"","format":"standard","meta":{"footnotes":""},"categories":[33],"tags":[593,877,2220,2336,2216],"class_list":["post-43508","post","type-post","status-publish","format-standard","has-post-thumbnail","hentry","category-showbizi","tag-babai","tag-bbv5","tag-miri","tag-rogerti","tag-selin"],"_links":{"self":[{"href":"https:\/\/blogseyir.com\/wp\/wp-json\/wp\/v2\/posts\/43508","targetHints":{"allow":["GET"]}}],"collection":[{"href":"https:\/\/blogseyir.com\/wp\/wp-json\/wp\/v2\/posts"}],"about":[{"href":"https:\/\/blogseyir.com\/wp\/wp-json\/wp\/v2\/types\/post"}],"author":[{"embeddable":true,"href":"https:\/\/blogseyir.com\/wp\/wp-json\/wp\/v2\/users\/1"}],"replies":[{"embeddable":true,"href":"https:\/\/blogseyir.com\/wp\/wp-json\/wp\/v2\/comments?post=43508"}],"version-history":[{"count":1,"href":"https:\/\/blogseyir.com\/wp\/wp-json\/wp\/v2\/posts\/43508\/revisions"}],"predecessor-version":[{"id":43509,"href":"https:\/\/blogseyir.com\/wp\/wp-json\/wp\/v2\/posts\/43508\/revisions\/43509"}],"wp:featuredmedia":[{"embeddable":true,"href":"https:\/\/blogseyir.com\/wp\/wp-json\/wp\/v2\/media\/43510"}],"wp:attachment":[{"href":"https:\/\/blogseyir.com\/wp\/wp-json\/wp\/v2\/media?parent=43508"}],"wp:term":[{"taxonomy":"category","embeddable":true,"href":"https:\/\/blogseyir.com\/wp\/wp-json\/wp\/v2\/categories?post=43508"},{"taxonomy":"post_tag","embeddable":true,"href":"https:\/\/blogseyir.com\/wp\/wp-json\/wp\/v2\/tags?post=43508"}],"curies":[{"name":"wp","href":"https:\/\/api.w.org\/{rel}","templated":true}]}}