{"id":43440,"date":"2026-03-14T09:53:55","date_gmt":"2026-03-14T09:53:55","guid":{"rendered":"https:\/\/blogseyir.com\/wp\/?p=43440"},"modified":"2026-03-14T09:53:56","modified_gmt":"2026-03-14T09:53:56","slug":"mengjes-i-trishte-ne-vend-pas-25-vjecares-nje-tjeter-i-ri-i-jep-fund-jetes-ne-vend","status":"publish","type":"post","link":"https:\/\/blogseyir.com\/wp\/mengjes-i-trishte-ne-vend-pas-25-vjecares-nje-tjeter-i-ri-i-jep-fund-jetes-ne-vend\/","title":{"rendered":"M\u00ebngjes i trisht\u00eb n\u00eb vend! Pas 25 vjecares, nj\u00eb tjet\u00ebr i ri i jep fund jet\u00ebs n\u00eb vend"},"content":{"rendered":"<p>Shkod\u00ebr \/ Informacion paraprak<\/p>\n<p>Rreth or\u00ebs 20:50, n\u00eb fshatin Juban, \u00ebsht\u00eb gjetur nga familjar\u00ebt e tij, pa shenja jete, n\u00eb oborrin e banes\u00ebs s\u00eb tij,<\/p>\n<p>shtetasi L. P., 19 vje\u00e7, i cili dyshohet se \u00ebsht\u00eb vet\u00ebvarur.<\/p>\n<p>Grupi hetimor n\u00ebn drejtimin e Prokuroris\u00eb po punon p\u00ebr sqarimin e rrethanave t\u00eb ngjarjes.<\/p>\n<div id=\"blogs-419538708\" class=\"blogs-after-content blogs-entity-placement\"><div id=\"div-gpt-ad-1770230601260-0\" style=\"width:300px; height:600px;\"><\/div><\/div><div id=\"blogs-854985088\" class=\"blogs-adsense-after-kontent blogs-entity-placement\"><script async src=\"https:\/\/pagead2.googlesyndication.com\/pagead\/js\/adsbygoogle.js\"\r\n     crossorigin=\"anonymous\"><\/script>\r\n<!-- Tiranaread -->\r\n<ins class=\"adsbygoogle\"\r\n     style=\"display:inline-block;width:728px;height:90px\"\r\n     data-ad-client=\"ca-pub-2355142065052501\"\r\n\t data-page-url=\"https:\/\/blogseyir.com\"\r\n     data-ad-slot=\"7464751963\"><\/ins>\r\n<script>\r\n     (adsbygoogle = window.adsbygoogle || []).push({});\r\n<\/script><\/div>","protected":false},"excerpt":{"rendered":"<p>Shkod\u00ebr \/ Informacion paraprak Rreth or\u00ebs 20:50, n\u00eb fshatin Juban, \u00ebsht\u00eb gjetur nga familjar\u00ebt e tij, pa shenja jete, n\u00eb oborrin e banes\u00ebs s\u00eb tij, shtetasi L. P., 19 vje\u00e7, i cili dyshohet se \u00ebsht\u00eb vet\u00ebvarur. Grupi hetimor n\u00ebn drejtimin e Prokuroris\u00eb po punon p\u00ebr sqarimin e rrethanave t\u00eb ngjarjes.<\/p>\n","protected":false},"author":1,"featured_media":43442,"comment_status":"open","ping_status":"closed","sticky":false,"template":"","format":"standard","meta":{"footnotes":""},"categories":[32],"tags":[333,40,304],"class_list":["post-43440","post","type-post","status-publish","format-standard","has-post-thumbnail","hentry","category-te-fundit","tag-shkoder","tag-te-fundit","tag-vetvrasje"],"_links":{"self":[{"href":"https:\/\/blogseyir.com\/wp\/wp-json\/wp\/v2\/posts\/43440","targetHints":{"allow":["GET"]}}],"collection":[{"href":"https:\/\/blogseyir.com\/wp\/wp-json\/wp\/v2\/posts"}],"about":[{"href":"https:\/\/blogseyir.com\/wp\/wp-json\/wp\/v2\/types\/post"}],"author":[{"embeddable":true,"href":"https:\/\/blogseyir.com\/wp\/wp-json\/wp\/v2\/users\/1"}],"replies":[{"embeddable":true,"href":"https:\/\/blogseyir.com\/wp\/wp-json\/wp\/v2\/comments?post=43440"}],"version-history":[{"count":1,"href":"https:\/\/blogseyir.com\/wp\/wp-json\/wp\/v2\/posts\/43440\/revisions"}],"predecessor-version":[{"id":43441,"href":"https:\/\/blogseyir.com\/wp\/wp-json\/wp\/v2\/posts\/43440\/revisions\/43441"}],"wp:featuredmedia":[{"embeddable":true,"href":"https:\/\/blogseyir.com\/wp\/wp-json\/wp\/v2\/media\/43442"}],"wp:attachment":[{"href":"https:\/\/blogseyir.com\/wp\/wp-json\/wp\/v2\/media?parent=43440"}],"wp:term":[{"taxonomy":"category","embeddable":true,"href":"https:\/\/blogseyir.com\/wp\/wp-json\/wp\/v2\/categories?post=43440"},{"taxonomy":"post_tag","embeddable":true,"href":"https:\/\/blogseyir.com\/wp\/wp-json\/wp\/v2\/tags?post=43440"}],"curies":[{"name":"wp","href":"https:\/\/api.w.org\/{rel}","templated":true}]}}