{"id":43277,"date":"2026-03-11T20:56:35","date_gmt":"2026-03-11T20:56:35","guid":{"rendered":"https:\/\/blogseyir.com\/wp\/?p=43277"},"modified":"2026-03-11T20:56:36","modified_gmt":"2026-03-11T20:56:36","slug":"ata-kane-qare-te-dy-ish-banori-i-bbv-tregon-cfare-ndodhi-naten-e-ndarjes-mes-mirit-dhe-selin-gjate-gjithe-nates","status":"publish","type":"post","link":"https:\/\/blogseyir.com\/wp\/ata-kane-qare-te-dy-ish-banori-i-bbv-tregon-cfare-ndodhi-naten-e-ndarjes-mes-mirit-dhe-selin-gjate-gjithe-nates\/","title":{"rendered":"\u201cAta kan\u00eb qar\u00eb t\u00eb dy\u201d\/ Ish banori i BBV tregon \u00e7far\u00eb ndodhi nat\u00ebn e ndarjes mes Mirit dhe Selin: Gjat\u00eb gjith\u00eb nat\u00ebs\u2026"},"content":{"rendered":"<p>Ish-banori i \u201cBig Brother VIP 5\u201d, Angelo Haruni, ka qen\u00eb dit\u00ebn e sotme i ftuar n\u00eb emisionin \u201cWake Up\u201d, ku ka komentuar ngjarjet m\u00eb t\u00eb forta brenda sht\u00ebpis\u00eb m\u00eb t\u00eb famshme n\u00eb Shqip\u00ebri.<\/p>\n<p>Gjat\u00eb bised\u00ebs n\u00eb studio, ai ka folur p\u00ebr raportin e dashuris\u00eb mes Gimdo dhe Selin, si dhe marr\u00ebdh\u00ebnien Selin me Miri.<\/p>\n<p>Pjes\u00eb nga intervista:<\/p>\n<p>Si e sheh dashurin\u00eb Gimbo-Selin dhe marr\u00ebdh\u00ebnien Selin-Miri?<\/p>\n<p>Mendoj q\u00eb t\u00eb dyja pal\u00ebt kan\u00eb arsyet e tyre t\u00eb justifikuara p\u00ebr t\u00eb mos patur besim 100%. Tani, Gimbo v\u00ebrtet\u00eb thot\u00eb dua t\u00eb tregoj k\u00ebt\u00eb an\u00ebn time si jam si natyr\u00eb.<\/p>\n<p>Por q\u00eb ta b\u00ebsh k\u00ebt\u00eb gj\u00eb brenda \u201cBig Brother\u201d dhe audienca ta lejoj\u00eb ty ta b\u00ebsh k\u00ebt\u00eb gj\u00eb, 3 jan\u00eb strategjit\u00eb.<\/p>\n<p>Q\u00eb n\u00eb k\u00ebt\u00eb rast \u00ebsht\u00eb vet\u00ebm strategjia e lidhjes q\u00eb ta lejon nj\u00eb gj\u00eb t\u00eb till\u00eb.<\/p>\n<p>Dit\u00ebn q\u00eb ka ardhur, Gimbo \u00ebsht\u00eb ulur pran\u00eb Selin, ka vazhduar pastaj q\u00eb n\u00eb dit\u00ebn 2 t\u00eb shpreh nj\u00eb lloj kimie, nj\u00eb lloj vibe si\u00e7 ai e quante. 3 dit\u00eb brenda sht\u00ebpis\u00eb sado q\u00eb aty koha kalon ndryshe, nuk jan\u00eb mjaftuesh\u00ebm p\u00ebr t\u00eb krijuar nj\u00eb lloj afeksioni.<\/p>\n<p>Ai e kishte par\u00eb Selin nga jasht\u00eb<\/p>\n<p>E duke e ditur se \u00e7a natyre \u00ebsht\u00eb dhe \u00e7far\u00eb karakteri ka, negativin se b\u00ebnte dot, rolet e strateg\u00ebve n\u00eb sht\u00ebpi ishin t\u00eb z\u00ebna, \u00e7a do b\u00ebnte? Loj\u00ebn e marr\u00ebdh\u00ebnies, e cila po mban 4 veta sot brenda sht\u00ebpis\u00eb.<\/p>\n<p>Megjithat\u00eb, jo p\u00ebr t\u00eb kund\u00ebrshtuar, mua ai m\u00eb duket nj\u00eb nga djemt\u00eb m\u00eb t\u00eb mir\u00eb e k\u00ebtij edicioni, i sinqert\u00eb.<\/p>\n<p>I sinqert\u00eb ishte edhe Alesio, Marko. Por n\u00ebse do kishin patur nga nj\u00eb marr\u00ebdh\u00ebnie, do t\u00eb kishin q\u00ebndruar t\u00eb gjith\u00eb m\u00eb gjat\u00eb.<\/p>\n<p>Un\u00eb nuk mendoj se \u00ebsht\u00eb i dashuruar marr\u00ebzisht dhe do pres\u00eb damar\u00ebt n\u00ebse kjo nuk ndodh, por \u00ebsht\u00eb djal\u00eb i ri, vajz\u00eb e bukur, pse jo, t\u00eb kalojm\u00eb mir\u00eb. Mund t\u00eb jemi bashk\u00eb p\u00ebrgjithmon\u00eb, mund t\u00eb mos jemi, nuk \u00ebsht\u00eb fundi i bot\u00ebs. Por kjo m\u00eb Mirin, k\u00ebtu ka m\u00eb shum\u00eb loj\u00eb.<\/p>\n<p>Te Miri dua t\u00eb them dy gj\u00ebra, e para p\u00ebr raportin e ngusht\u00eb q\u00eb kan\u00eb patur Miri dhe Selin. Un\u00eb kujtoj nat\u00ebn q\u00eb ata jan\u00eb ndar\u00eb nga krevati, kan\u00eb qar\u00eb t\u00eb dy me nj\u00ebri-tjetrin. Selin ka qen\u00eb te krevati dopio dhe Miri te krevati q\u00eb \u00ebsht\u00eb edhe sot, kan\u00eb ndenjur gjith\u00eb nat\u00ebn pa fjetur duke par\u00eb nj\u00ebri-tjetrin n\u00eb sy.<\/p>\n<p>Kjo \u00ebsht\u00eb d\u00ebshmia jote<\/p>\n<p>E kam par\u00eb me syt\u00eb e mi, t\u00eb dy t\u00eb m\u00ebrzitur, pa folur fare me asnj\u00eb njeri tjet\u00ebr. Zgjuar gjith\u00eb nat\u00ebn, deri n\u00eb or\u00ebt e para t\u00eb m\u00ebngjesit. Nd\u00ebrkoh\u00eb sa i takon 3 janarit q\u00eb Miri e p\u00ebrmendi dhe me dat\u00eb pas klipit t\u00eb famsh\u00ebm q\u00eb thoshte \u2018se e dua\u2019. Ajo ka qen\u00eb nj\u00eb nat\u00eb q\u00eb \u00e7do njeri q\u00eb vjen me nj\u00eb d\u00ebshir\u00eb, ego p\u00ebr t\u2019a fituar, edhe ato d\u00ebshtimet m\u00eb t\u00eb vogla i merr shum\u00eb fort. At\u00eb nat\u00eb 3 janari, ka qen\u00eb nat\u00eb fitoreje p\u00ebr mua. Un\u00eb, Juxhini dhe Lore kemi festuar futjen e Mirit n\u00eb akuarium, at\u00eb q\u00eb ai e cil\u00ebsonte r\u00ebnia e loj\u00ebs s\u00eb tij. E natyrsh\u00ebm kuptoj emocionet dhe lot\u00ebt, nuk besoj se \u00ebsht\u00eb p\u00ebrtej k\u00ebtij raportit t\u00eb fort\u00eb q\u00eb krijohet mes dy njer\u00ebzve q\u00eb krijonin n\u00eb at\u00eb moment 100% besim te nj\u00ebri-tjetri, nuk besoj se ka ndjenja romantike.<\/p>\n<p>Pra po thua se nuk po qante p\u00ebr zemr\u00ebn e thyer nga dashuria? Po qante p\u00ebr loj\u00ebn?<\/p>\n<p>Kam qar\u00eb dhe un\u00eb p\u00ebr loj\u00ebn, n\u00eb momentin q\u00eb Juela m\u00eb prishi gjith\u00eb strategjin\u00eb, kjo nuk do t\u00eb thot\u00eb se kam patur ndjenja.<\/p>\n<p>Po t\u00eb shikoje, ishte interesante, n\u00eb momentin q\u00eb shfaqej klipi p\u00ebr banor\u00ebt i Mirit, reagimi i Selin ishte q\u00eb mbulonte goj\u00ebn me dor\u00eb. Por ka nj\u00eb lloj sodisfaksioni, ka habi, syt\u00eb e hapur, dhe ka nj\u00eb buz\u00ebqeshje. Nuk duket se u m\u00ebrzit.<\/p>\n<div id=\"blogs-3744975033\" class=\"blogs-after-content blogs-entity-placement\"><div id=\"div-gpt-ad-1770230601260-0\" style=\"width:300px; height:600px;\"><\/div><\/div><div id=\"blogs-1579439324\" class=\"blogs-adsense-after-kontent blogs-entity-placement\"><script async src=\"https:\/\/pagead2.googlesyndication.com\/pagead\/js\/adsbygoogle.js\"\r\n     crossorigin=\"anonymous\"><\/script>\r\n<!-- Tiranaread -->\r\n<ins class=\"adsbygoogle\"\r\n     style=\"display:inline-block;width:728px;height:90px\"\r\n     data-ad-client=\"ca-pub-2355142065052501\"\r\n\t data-page-url=\"https:\/\/blogseyir.com\"\r\n     data-ad-slot=\"7464751963\"><\/ins>\r\n<script>\r\n     (adsbygoogle = window.adsbygoogle || []).push({});\r\n<\/script><\/div>","protected":false},"excerpt":{"rendered":"<p>Ish-banori i \u201cBig Brother VIP 5\u201d, Angelo Haruni, ka qen\u00eb dit\u00ebn e sotme i ftuar n\u00eb emisionin \u201cWake Up\u201d, ku ka komentuar ngjarjet m\u00eb t\u00eb forta brenda sht\u00ebpis\u00eb m\u00eb t\u00eb famshme n\u00eb Shqip\u00ebri. Gjat\u00eb bised\u00ebs n\u00eb studio, ai ka folur p\u00ebr raportin e dashuris\u00eb mes Gimdo dhe Selin, si dhe marr\u00ebdh\u00ebnien Selin me Miri. Pjes\u00eb [&hellip;]<\/p>\n","protected":false},"author":1,"featured_media":43279,"comment_status":"open","ping_status":"closed","sticky":false,"template":"","format":"standard","meta":{"footnotes":""},"categories":[33],"tags":[2231,2220,2216],"class_list":["post-43277","post","type-post","status-publish","format-standard","has-post-thumbnail","hentry","category-showbizi","tag-angelo","tag-miri","tag-selin"],"_links":{"self":[{"href":"https:\/\/blogseyir.com\/wp\/wp-json\/wp\/v2\/posts\/43277","targetHints":{"allow":["GET"]}}],"collection":[{"href":"https:\/\/blogseyir.com\/wp\/wp-json\/wp\/v2\/posts"}],"about":[{"href":"https:\/\/blogseyir.com\/wp\/wp-json\/wp\/v2\/types\/post"}],"author":[{"embeddable":true,"href":"https:\/\/blogseyir.com\/wp\/wp-json\/wp\/v2\/users\/1"}],"replies":[{"embeddable":true,"href":"https:\/\/blogseyir.com\/wp\/wp-json\/wp\/v2\/comments?post=43277"}],"version-history":[{"count":1,"href":"https:\/\/blogseyir.com\/wp\/wp-json\/wp\/v2\/posts\/43277\/revisions"}],"predecessor-version":[{"id":43278,"href":"https:\/\/blogseyir.com\/wp\/wp-json\/wp\/v2\/posts\/43277\/revisions\/43278"}],"wp:featuredmedia":[{"embeddable":true,"href":"https:\/\/blogseyir.com\/wp\/wp-json\/wp\/v2\/media\/43279"}],"wp:attachment":[{"href":"https:\/\/blogseyir.com\/wp\/wp-json\/wp\/v2\/media?parent=43277"}],"wp:term":[{"taxonomy":"category","embeddable":true,"href":"https:\/\/blogseyir.com\/wp\/wp-json\/wp\/v2\/categories?post=43277"},{"taxonomy":"post_tag","embeddable":true,"href":"https:\/\/blogseyir.com\/wp\/wp-json\/wp\/v2\/tags?post=43277"}],"curies":[{"name":"wp","href":"https:\/\/api.w.org\/{rel}","templated":true}]}}