{"id":43091,"date":"2026-03-09T12:03:28","date_gmt":"2026-03-09T12:03:28","guid":{"rendered":"https:\/\/blogseyir.com\/wp\/?p=43091"},"modified":"2026-03-09T12:03:29","modified_gmt":"2026-03-09T12:03:29","slug":"nuk-e-kam-pritur-qe-ajo-te-arber-hajdari-shtang-me-deklaraten-per-monika-kryemadhin","status":"publish","type":"post","link":"https:\/\/blogseyir.com\/wp\/nuk-e-kam-pritur-qe-ajo-te-arber-hajdari-shtang-me-deklaraten-per-monika-kryemadhin\/","title":{"rendered":"&#8216;Nuk e kam pritur q\u00eb ajo t\u00eb&#8230;&#8217; Arb\u00ebr Hajdari SHTANG me deklarat\u00ebn p\u00ebr Monika Kryemadhin"},"content":{"rendered":"<p>Kimia mes dy opinionist\u00ebve t\u00eb k\u00ebtij edicioni po bie gjithnj\u00eb e m\u00eb shum\u00eb n\u00eb sy.<\/p>\n<p>I pyetur nga gazetari Bledi Mane lidhur me transformimin e duksh\u00ebm t\u00eb Monika Kryemadhit \u2013 e cila shfaqet larg profilit t\u00eb ashp\u00ebr politik dhe akuzave partiake, duke ardhur m\u00eb \u201cqytetare\u201d dhe e qeshur \u2013 Arb\u00ebr Hajdari ka dh\u00ebn\u00eb nj\u00eb p\u00ebrgjigje surprizuese.<\/p>\n<p>Arbri ka pranuar se edhe p\u00ebr t\u00eb, ky version i Monik\u00ebs ishte i papritur.<\/p>\n<p>\u201c\u00cbsht\u00eb e v\u00ebrtet\u00eb kjo q\u00eb the. Edhe n\u00eb fakt as un\u00eb nuk e kam pritur q\u00eb t\u00eb ishte n\u00eb k\u00ebt\u00eb m\u00ebnyr\u00eb,\u201d \u2013 u shpreh ai, duke konfirmuar se paragjykimet e fillimit kan\u00eb r\u00ebn\u00eb.<\/p>\n<p>Sipas Arbrit, \u00e7el\u00ebsi i k\u00ebtij ndryshimi q\u00ebndron te natyra e saj e v\u00ebrtet\u00eb, t\u00eb cil\u00ebn ai ka pasur mund\u00ebsi ta njoh\u00eb n\u00eb prapasken\u00eb.<\/p>\n<p>\u201cMua Monika m\u00eb \u00ebsht\u00eb dukur shum\u00eb njer\u00ebzore. Ne aty kemi koh\u00eb edhe jasht\u00eb kamerave t\u00eb rrim\u00eb me nj\u00ebri-tjetrin, t\u00eb flasim, t\u00eb diskutojm\u00eb, edhe m\u00eb p\u00eblqen q\u00eb Monika \u00ebsht\u00eb treguar jo vet\u00ebm njer\u00ebzore, por edhe pa komplekse,\u201d \u2013 tha Arbri.<\/p>\n<p>N\u00eb fund, ai ia dedikoi k\u00ebt\u00eb ndryshim pozitiv jo vet\u00ebm vetes, por t\u00eb gjith\u00eb atmosfer\u00ebs s\u00eb formatit.<\/p>\n<p>\u201cEnergjia nuk \u00ebsht\u00eb vet\u00ebm e imja, por e gjith\u00eb grupit q\u00eb drejton BBVIP i ka dh\u00ebn\u00eb energji pozitive dhe ajo ka gjetur veten,\u201d \u2013 p\u00ebrfundoi ai.<\/p>\n<div id=\"blogs-496631744\" class=\"blogs-after-content blogs-entity-placement\"><div id=\"div-gpt-ad-1770230601260-0\" style=\"width:300px; height:600px;\"><\/div><\/div><div id=\"blogs-3697414856\" class=\"blogs-adsense-after-kontent blogs-entity-placement\"><script async src=\"https:\/\/pagead2.googlesyndication.com\/pagead\/js\/adsbygoogle.js\"\r\n     crossorigin=\"anonymous\"><\/script>\r\n<!-- Tiranaread -->\r\n<ins class=\"adsbygoogle\"\r\n     style=\"display:inline-block;width:728px;height:90px\"\r\n     data-ad-client=\"ca-pub-2355142065052501\"\r\n\t data-page-url=\"https:\/\/blogseyir.com\"\r\n     data-ad-slot=\"7464751963\"><\/ins>\r\n<script>\r\n     (adsbygoogle = window.adsbygoogle || []).push({});\r\n<\/script><\/div>","protected":false},"excerpt":{"rendered":"<p>Kimia mes dy opinionist\u00ebve t\u00eb k\u00ebtij edicioni po bie gjithnj\u00eb e m\u00eb shum\u00eb n\u00eb sy. I pyetur nga gazetari Bledi Mane lidhur me transformimin e duksh\u00ebm t\u00eb Monika Kryemadhit \u2013 e cila shfaqet larg profilit t\u00eb ashp\u00ebr politik dhe akuzave partiake, duke ardhur m\u00eb \u201cqytetare\u201d dhe e qeshur \u2013 Arb\u00ebr Hajdari ka dh\u00ebn\u00eb nj\u00eb p\u00ebrgjigje [&hellip;]<\/p>\n","protected":false},"author":1,"featured_media":43093,"comment_status":"open","ping_status":"closed","sticky":false,"template":"","format":"standard","meta":{"footnotes":""},"categories":[32],"tags":[377,786],"class_list":["post-43091","post","type-post","status-publish","format-standard","has-post-thumbnail","hentry","category-te-fundit","tag-arber-hajdari","tag-monika-kryemadhi"],"_links":{"self":[{"href":"https:\/\/blogseyir.com\/wp\/wp-json\/wp\/v2\/posts\/43091","targetHints":{"allow":["GET"]}}],"collection":[{"href":"https:\/\/blogseyir.com\/wp\/wp-json\/wp\/v2\/posts"}],"about":[{"href":"https:\/\/blogseyir.com\/wp\/wp-json\/wp\/v2\/types\/post"}],"author":[{"embeddable":true,"href":"https:\/\/blogseyir.com\/wp\/wp-json\/wp\/v2\/users\/1"}],"replies":[{"embeddable":true,"href":"https:\/\/blogseyir.com\/wp\/wp-json\/wp\/v2\/comments?post=43091"}],"version-history":[{"count":1,"href":"https:\/\/blogseyir.com\/wp\/wp-json\/wp\/v2\/posts\/43091\/revisions"}],"predecessor-version":[{"id":43092,"href":"https:\/\/blogseyir.com\/wp\/wp-json\/wp\/v2\/posts\/43091\/revisions\/43092"}],"wp:featuredmedia":[{"embeddable":true,"href":"https:\/\/blogseyir.com\/wp\/wp-json\/wp\/v2\/media\/43093"}],"wp:attachment":[{"href":"https:\/\/blogseyir.com\/wp\/wp-json\/wp\/v2\/media?parent=43091"}],"wp:term":[{"taxonomy":"category","embeddable":true,"href":"https:\/\/blogseyir.com\/wp\/wp-json\/wp\/v2\/categories?post=43091"},{"taxonomy":"post_tag","embeddable":true,"href":"https:\/\/blogseyir.com\/wp\/wp-json\/wp\/v2\/tags?post=43091"}],"curies":[{"name":"wp","href":"https:\/\/api.w.org\/{rel}","templated":true}]}}