{"id":43000,"date":"2026-03-06T19:51:18","date_gmt":"2026-03-06T19:51:18","guid":{"rendered":"https:\/\/blogseyir.com\/wp\/?p=43000"},"modified":"2026-03-06T19:51:19","modified_gmt":"2026-03-06T19:51:19","slug":"familja-e-brikenes-dergon-mesazhin-e-papritur-brenda-shtepise-kerkon-qe-ajo-te","status":"publish","type":"post","link":"https:\/\/blogseyir.com\/wp\/familja-e-brikenes-dergon-mesazhin-e-papritur-brenda-shtepise-kerkon-qe-ajo-te\/","title":{"rendered":"Familja e Briken\u00ebs d\u00ebrgon mesazhin e papritur brenda sht\u00ebpis\u00eb, k\u00ebrkon q\u00eb ajo t\u00eb&#8230;"},"content":{"rendered":"<p>Nj\u00eb moment mjaft i ve\u00e7ant\u00eb ka ndodhur sot n\u00eb sht\u00ebpin\u00eb e Big Brother VIP Albania.<\/p>\n<p>Brikena \u00ebsht\u00eb surprizuar nga familjar\u00ebt e saj me nj\u00eb parashut\u00eb q\u00eb fluturoi mbi sht\u00ebpi, duke i p\u00ebrcjell\u00eb nj\u00eb mesazh mjaft dometh\u00ebn\u00ebs.<\/p>\n<p>\u201cTi je krenaria jon\u00eb, b\u00ebj \u00e7far\u00eb t\u00eb do zemra, ne jemi me ty\u201d, shkruhej n\u00eb dronin e d\u00ebrguar nga familja.<\/p>\n<p>Ky mesazh duket se tregon mb\u00ebshtetjen e tyre t\u00eb plot\u00eb, dhe \u00ebsht\u00eb nj\u00eb drit\u00eb e gjelb\u00ebr p\u00ebr njohjen e saj brenda sht\u00ebpis\u00eb me Mateon.<\/p>\n<p>Sapo ka par\u00eb parashut\u00ebn dhe ka lexuar fjal\u00ebt e tyre, Brikena nuk i ka mbajtur dot lot\u00ebt, duke u shfaqur mjaft e emocionuar. \/Prive By Liberta Spahiu<\/p>\n<p>&nbsp;<\/p>\n<div id=\"blogs-2060104802\" class=\"blogs-after-content blogs-entity-placement\"><div id=\"div-gpt-ad-1770230601260-0\" style=\"width:300px; height:600px;\"><\/div><\/div><div id=\"blogs-785258597\" class=\"blogs-adsense-after-kontent blogs-entity-placement\"><script async src=\"https:\/\/pagead2.googlesyndication.com\/pagead\/js\/adsbygoogle.js\"\r\n     crossorigin=\"anonymous\"><\/script>\r\n<!-- Tiranaread -->\r\n<ins class=\"adsbygoogle\"\r\n     style=\"display:inline-block;width:728px;height:90px\"\r\n     data-ad-client=\"ca-pub-2355142065052501\"\r\n\t data-page-url=\"https:\/\/blogseyir.com\"\r\n     data-ad-slot=\"7464751963\"><\/ins>\r\n<script>\r\n     (adsbygoogle = window.adsbygoogle || []).push({});\r\n<\/script><\/div>","protected":false},"excerpt":{"rendered":"<p>Nj\u00eb moment mjaft i ve\u00e7ant\u00eb ka ndodhur sot n\u00eb sht\u00ebpin\u00eb e Big Brother VIP Albania. Brikena \u00ebsht\u00eb surprizuar nga familjar\u00ebt e saj me nj\u00eb parashut\u00eb q\u00eb fluturoi mbi sht\u00ebpi, duke i p\u00ebrcjell\u00eb nj\u00eb mesazh mjaft dometh\u00ebn\u00ebs. \u201cTi je krenaria jon\u00eb, b\u00ebj \u00e7far\u00eb t\u00eb do zemra, ne jemi me ty\u201d, shkruhej n\u00eb dronin e d\u00ebrguar nga [&hellip;]<\/p>\n","protected":false},"author":1,"featured_media":43002,"comment_status":"open","ping_status":"closed","sticky":false,"template":"","format":"standard","meta":{"footnotes":""},"categories":[32],"tags":[52,2260,126],"class_list":["post-43000","post","type-post","status-publish","format-standard","has-post-thumbnail","hentry","category-te-fundit","tag-bbva","tag-brikena","tag-familja"],"_links":{"self":[{"href":"https:\/\/blogseyir.com\/wp\/wp-json\/wp\/v2\/posts\/43000","targetHints":{"allow":["GET"]}}],"collection":[{"href":"https:\/\/blogseyir.com\/wp\/wp-json\/wp\/v2\/posts"}],"about":[{"href":"https:\/\/blogseyir.com\/wp\/wp-json\/wp\/v2\/types\/post"}],"author":[{"embeddable":true,"href":"https:\/\/blogseyir.com\/wp\/wp-json\/wp\/v2\/users\/1"}],"replies":[{"embeddable":true,"href":"https:\/\/blogseyir.com\/wp\/wp-json\/wp\/v2\/comments?post=43000"}],"version-history":[{"count":1,"href":"https:\/\/blogseyir.com\/wp\/wp-json\/wp\/v2\/posts\/43000\/revisions"}],"predecessor-version":[{"id":43001,"href":"https:\/\/blogseyir.com\/wp\/wp-json\/wp\/v2\/posts\/43000\/revisions\/43001"}],"wp:featuredmedia":[{"embeddable":true,"href":"https:\/\/blogseyir.com\/wp\/wp-json\/wp\/v2\/media\/43002"}],"wp:attachment":[{"href":"https:\/\/blogseyir.com\/wp\/wp-json\/wp\/v2\/media?parent=43000"}],"wp:term":[{"taxonomy":"category","embeddable":true,"href":"https:\/\/blogseyir.com\/wp\/wp-json\/wp\/v2\/categories?post=43000"},{"taxonomy":"post_tag","embeddable":true,"href":"https:\/\/blogseyir.com\/wp\/wp-json\/wp\/v2\/tags?post=43000"}],"curies":[{"name":"wp","href":"https:\/\/api.w.org\/{rel}","templated":true}]}}