{"id":42507,"date":"2026-02-27T12:56:27","date_gmt":"2026-02-27T12:56:27","guid":{"rendered":"https:\/\/blogseyir.com\/wp\/?p=42507"},"modified":"2026-02-27T12:56:28","modified_gmt":"2026-02-27T12:56:28","slug":"miri-ben-deklaraten-e-forte-ne-big-brother-mos-ndoshta-selin-ka","status":"publish","type":"post","link":"https:\/\/blogseyir.com\/wp\/miri-ben-deklaraten-e-forte-ne-big-brother-mos-ndoshta-selin-ka\/","title":{"rendered":"Miri b\u00ebn deklarat\u00ebn e fort\u00eb n\u00eb Big Brother: Mos ndoshta Selin ka&#8230;"},"content":{"rendered":"<p>Nj\u00eb deklarat\u00eb e Juel\u00ebs se \u201cSelin ka ndjenja p\u00ebr Mirin\u201d, ka b\u00ebr\u00eb q\u00eb ky i fundit ta pranoj\u00eb p\u00ebr her\u00eb t\u00eb par\u00eb q\u00eb sipas tij, banorja mund t\u00eb ket\u00eb ndjenja p\u00ebr t\u00eb.<\/p>\n<p>Miri tha se gjithmon\u00eb e ka dyshuar k\u00ebt\u00eb, por Selin\u00ebn sipas tij nuk e ka akuzuar askush deri m\u00eb tani se ka ndjenja p\u00ebr t\u00eb. Ai shtoi se p\u00ebrqafimet nuk i ka shk\u00ebmbyer me zor.<\/p>\n<p>\u201cAjo ka ndjenja p\u00ebr ty, Miri. T\u00eb gjith\u00eb kan\u00eb akuzuar Mirin, por syt\u00eb q\u00eb ka Selin p\u00ebr ty, un\u00eb nuk i kam me nj\u00eb mashkull q\u00eb nuk m\u00eb p\u00eblqen. Do t\u00eb t\u00eb ndihmoj un\u00eb ty, duhet t\u00eb m\u00eb fal\u00ebnderosh p\u00ebr Kutin\u00eb e Pandor\u00ebs q\u00eb nuk ju kam futur bashk\u00eb\u201d, ishte deklarata e Juel\u00ebs.<\/p>\n<p>\u201cM\u00eb p\u00eblqeu di\u00e7ka, kam qen\u00eb n\u00eb dyshime gjith\u00eb koh\u00ebs, por nuk i kam th\u00ebn\u00eb z\u00eb. Juela tha nj\u00eb gj\u00eb, se ajo \u00ebsht\u00eb fem\u00ebr. Meq\u00eb e d\u00ebgjova tani, un\u00eb jam akuzuar gjith\u00eb koh\u00ebs q\u00eb paskam ndjenja, q\u00eb jam njeriu manjak, q\u00eb kam kryer situata perverse, q\u00eb jam dashuruar etj. At\u00eb q\u00eb d\u00ebgjova tani duhet ta mendoj mir\u00eb.<\/p>\n<p>Mos ndoshta \u00ebsht\u00eb edhe n\u00eb t\u00eb kund\u00ebrt kjo gj\u00eb, por aty nuk e akuzon njeri, por vet\u00ebm mua.<\/p>\n<p>Mos \u00ebsht\u00eb edhe e kund\u00ebrta? Po e mendoj nj\u00ebher\u00eb, se nuk i dihet. Ajo nuk u kthehet banor\u00ebve. M\u00eb thot\u00eb \u2018hajde te dushi\u2019 dhe akuzohem un\u00eb. P\u00ebrqafimet nuk i kam shk\u00ebmbyer me zor dhe me dhun\u00eb. M\u00eb ka par\u00eb, e kam par\u00eb. Nuk m\u00eb ka pyetur asnj\u00ebher\u00eb p\u00ebr bashk\u00ebshorten\u201d, tha Miri. lirsh\u00ebm.<\/p>\n<div id=\"blogs-142235059\" class=\"blogs-adsense-after-kontent blogs-entity-placement\"><script async src=\"https:\/\/pagead2.googlesyndication.com\/pagead\/js\/adsbygoogle.js\"\r\n     crossorigin=\"anonymous\"><\/script>\r\n<!-- Tiranaread -->\r\n<ins class=\"adsbygoogle\"\r\n     style=\"display:inline-block;width:728px;height:90px\"\r\n     data-ad-client=\"ca-pub-2355142065052501\"\r\n\t data-page-url=\"https:\/\/blogseyir.com\"\r\n     data-ad-slot=\"7464751963\"><\/ins>\r\n<script>\r\n     (adsbygoogle = window.adsbygoogle || []).push({});\r\n<\/script><\/div>","protected":false},"excerpt":{"rendered":"<p>Nj\u00eb deklarat\u00eb e Juel\u00ebs se \u201cSelin ka ndjenja p\u00ebr Mirin\u201d, ka b\u00ebr\u00eb q\u00eb ky i fundit ta pranoj\u00eb p\u00ebr her\u00eb t\u00eb par\u00eb q\u00eb sipas tij, banorja mund t\u00eb ket\u00eb ndjenja p\u00ebr t\u00eb. Miri tha se gjithmon\u00eb e ka dyshuar k\u00ebt\u00eb, por Selin\u00ebn sipas tij nuk e ka akuzuar askush deri m\u00eb tani se ka ndjenja [&hellip;]<\/p>\n","protected":false},"author":1,"featured_media":42509,"comment_status":"open","ping_status":"closed","sticky":false,"template":"","format":"standard","meta":{"footnotes":""},"categories":[33],"tags":[877,2220,2216],"class_list":["post-42507","post","type-post","status-publish","format-standard","has-post-thumbnail","hentry","category-showbizi","tag-bbv5","tag-miri","tag-selin"],"_links":{"self":[{"href":"https:\/\/blogseyir.com\/wp\/wp-json\/wp\/v2\/posts\/42507","targetHints":{"allow":["GET"]}}],"collection":[{"href":"https:\/\/blogseyir.com\/wp\/wp-json\/wp\/v2\/posts"}],"about":[{"href":"https:\/\/blogseyir.com\/wp\/wp-json\/wp\/v2\/types\/post"}],"author":[{"embeddable":true,"href":"https:\/\/blogseyir.com\/wp\/wp-json\/wp\/v2\/users\/1"}],"replies":[{"embeddable":true,"href":"https:\/\/blogseyir.com\/wp\/wp-json\/wp\/v2\/comments?post=42507"}],"version-history":[{"count":1,"href":"https:\/\/blogseyir.com\/wp\/wp-json\/wp\/v2\/posts\/42507\/revisions"}],"predecessor-version":[{"id":42508,"href":"https:\/\/blogseyir.com\/wp\/wp-json\/wp\/v2\/posts\/42507\/revisions\/42508"}],"wp:featuredmedia":[{"embeddable":true,"href":"https:\/\/blogseyir.com\/wp\/wp-json\/wp\/v2\/media\/42509"}],"wp:attachment":[{"href":"https:\/\/blogseyir.com\/wp\/wp-json\/wp\/v2\/media?parent=42507"}],"wp:term":[{"taxonomy":"category","embeddable":true,"href":"https:\/\/blogseyir.com\/wp\/wp-json\/wp\/v2\/categories?post=42507"},{"taxonomy":"post_tag","embeddable":true,"href":"https:\/\/blogseyir.com\/wp\/wp-json\/wp\/v2\/tags?post=42507"}],"curies":[{"name":"wp","href":"https:\/\/api.w.org\/{rel}","templated":true}]}}