{"id":42456,"date":"2026-02-26T19:12:45","date_gmt":"2026-02-26T19:12:45","guid":{"rendered":"https:\/\/blogseyir.com\/wp\/?p=42456"},"modified":"2026-02-26T19:12:45","modified_gmt":"2026-02-26T19:12:45","slug":"lajm-i-fundit-rama-ndryshon-qeverine-ja-emrat-e-ministrave-te-rinj-te-brendshem-e-drejtesise","status":"publish","type":"post","link":"https:\/\/blogseyir.com\/wp\/lajm-i-fundit-rama-ndryshon-qeverine-ja-emrat-e-ministrave-te-rinj-te-brendshem-e-drejtesise\/","title":{"rendered":"LAJM I FUNDIT\/ Rama ndryshon qeverin\u00eb. Ja emrat e ministrave t\u00eb rinj t\u00eb Brendsh\u00ebm e Drejt\u00ebsis\u00eb"},"content":{"rendered":"<p>Vijon mbledhja e grupit parlamentar t\u00eb PS.<\/p>\n<p>Burime nga mbledhja i than\u00eb gazetarit t\u00eb Top Channel Muhamed Veliu, se kryeministri Edi Rama ka p\u00ebrmendur ndryshime n\u00eb qeveri n\u00eb t\u00eb pakt\u00ebn kat\u00ebr ministri.<\/p>\n<p>N\u00eb postin e zv.kryeminsitres \u00ebsht\u00eb em\u00ebruar Albana Ko\u00e7iu, e cila z\u00ebvend\u00ebson n\u00eb k\u00ebt\u00eb pozicion Belinda Ballukun.<\/p>\n<p>Ferit Hoxha, ish ambasadori i Shqip\u00ebris\u00eb n\u00eb BE, \u00ebsht\u00eb em\u00ebruar Minist\u00ebr i Pun\u00ebve t\u00eb Jashtme.<\/p>\n<p>Besfort Lamallari largohet si minist\u00ebr Drejt\u00ebsis\u00eb dhe merr postin e Minsitrit t\u00eb Brendsh\u00ebm, nd\u00ebrsa Toni Gogu em\u00ebrohet n\u00eb krye t\u00eb Ministris\u00eb s\u00eb Drejt\u00ebsis\u00eb.<\/p>\n<p>Erjona Ismaili \u00ebsht\u00eb em\u00ebruar ministre p\u00ebr Marrdh\u00ebniet me Parlamentin.<\/p>\n<p>Nd\u00ebrkoh\u00eb q\u00eb Minist\u00ebr i Infrastruktur\u00ebs dhe Energjitik\u00ebs, post i mbajtur deri m\u00eb tani nga Belinda Balluku em\u00ebrohet Enea Karaka\u00e7i.<\/p>\n<div id=\"blogs-1038582116\" class=\"blogs-after-content blogs-entity-placement\"><div id=\"div-gpt-ad-1770230601260-0\" style=\"width:300px; height:600px;\"><\/div><\/div><div id=\"blogs-2476785987\" class=\"blogs-adsense-after-kontent blogs-entity-placement\"><script async src=\"https:\/\/pagead2.googlesyndication.com\/pagead\/js\/adsbygoogle.js\"\r\n     crossorigin=\"anonymous\"><\/script>\r\n<!-- Tiranaread -->\r\n<ins class=\"adsbygoogle\"\r\n     style=\"display:inline-block;width:728px;height:90px\"\r\n     data-ad-client=\"ca-pub-2355142065052501\"\r\n\t data-page-url=\"https:\/\/blogseyir.com\"\r\n     data-ad-slot=\"7464751963\"><\/ins>\r\n<script>\r\n     (adsbygoogle = window.adsbygoogle || []).push({});\r\n<\/script><\/div>","protected":false},"excerpt":{"rendered":"<p>Vijon mbledhja e grupit parlamentar t\u00eb PS. Burime nga mbledhja i than\u00eb gazetarit t\u00eb Top Channel Muhamed Veliu, se kryeministri Edi Rama ka p\u00ebrmendur ndryshime n\u00eb qeveri n\u00eb t\u00eb pakt\u00ebn kat\u00ebr ministri. N\u00eb postin e zv.kryeminsitres \u00ebsht\u00eb em\u00ebruar Albana Ko\u00e7iu, e cila z\u00ebvend\u00ebson n\u00eb k\u00ebt\u00eb pozicion Belinda Ballukun. Ferit Hoxha, ish ambasadori i Shqip\u00ebris\u00eb n\u00eb [&hellip;]<\/p>\n","protected":false},"author":1,"featured_media":42458,"comment_status":"open","ping_status":"closed","sticky":false,"template":"","format":"standard","meta":{"footnotes":""},"categories":[1680],"tags":[342],"class_list":["post-42456","post","type-post","status-publish","format-standard","has-post-thumbnail","hentry","category-politike","tag-edi-rama"],"_links":{"self":[{"href":"https:\/\/blogseyir.com\/wp\/wp-json\/wp\/v2\/posts\/42456","targetHints":{"allow":["GET"]}}],"collection":[{"href":"https:\/\/blogseyir.com\/wp\/wp-json\/wp\/v2\/posts"}],"about":[{"href":"https:\/\/blogseyir.com\/wp\/wp-json\/wp\/v2\/types\/post"}],"author":[{"embeddable":true,"href":"https:\/\/blogseyir.com\/wp\/wp-json\/wp\/v2\/users\/1"}],"replies":[{"embeddable":true,"href":"https:\/\/blogseyir.com\/wp\/wp-json\/wp\/v2\/comments?post=42456"}],"version-history":[{"count":1,"href":"https:\/\/blogseyir.com\/wp\/wp-json\/wp\/v2\/posts\/42456\/revisions"}],"predecessor-version":[{"id":42457,"href":"https:\/\/blogseyir.com\/wp\/wp-json\/wp\/v2\/posts\/42456\/revisions\/42457"}],"wp:featuredmedia":[{"embeddable":true,"href":"https:\/\/blogseyir.com\/wp\/wp-json\/wp\/v2\/media\/42458"}],"wp:attachment":[{"href":"https:\/\/blogseyir.com\/wp\/wp-json\/wp\/v2\/media?parent=42456"}],"wp:term":[{"taxonomy":"category","embeddable":true,"href":"https:\/\/blogseyir.com\/wp\/wp-json\/wp\/v2\/categories?post=42456"},{"taxonomy":"post_tag","embeddable":true,"href":"https:\/\/blogseyir.com\/wp\/wp-json\/wp\/v2\/tags?post=42456"}],"curies":[{"name":"wp","href":"https:\/\/api.w.org\/{rel}","templated":true}]}}