{"id":42420,"date":"2026-02-26T11:45:46","date_gmt":"2026-02-26T11:45:46","guid":{"rendered":"https:\/\/blogseyir.com\/wp\/?p=42420"},"modified":"2026-02-26T11:45:47","modified_gmt":"2026-02-26T11:45:47","slug":"e-dhimbshme-ndahet-nga-jeta-instrumentisti-i-njohur-shqiptar","status":"publish","type":"post","link":"https:\/\/blogseyir.com\/wp\/e-dhimbshme-ndahet-nga-jeta-instrumentisti-i-njohur-shqiptar\/","title":{"rendered":"E DHIMBSHME! Ndahet nga jeta instrumentisti i njohur shqiptar"},"content":{"rendered":"<p>\u00cbsht\u00eb ndar\u00eb nga jeta m\u00ebngjesin e djesh\u00ebm instrumentisti i njohur fierak, Xhevit Metani, nj\u00eb nga figurat m\u00eb t\u00eb dashura dhe t\u00eb respektuara jo vet\u00ebm p\u00ebr komunitetin rom, por p\u00ebr mbar\u00eb qytetin e Fierit.<\/p>\n<p>Ai ishte nj\u00eb em\u00ebr q\u00eb rrihte n\u00eb nj\u00eb me ritmin e zemr\u00ebs s\u00eb Myzeqes\u00eb. Me talentin dhe p\u00ebrkushtimin e tij, dha nj\u00eb kontribut t\u00eb \u00e7muar n\u00eb dhjet\u00ebra festivale, aktivitete artistike, dasma dhe g\u00ebzime familjare, duke u b\u00ebr\u00eb pjes\u00eb e pandar\u00eb e jet\u00ebs kulturore t\u00eb zon\u00ebs. Me defin n\u00eb duar, ai nuk luante thjesht muzik\u00eb, por p\u00ebrcillte histori, identitet dhe krenari n\u00eb folkun myzeqar.<\/p>\n<p>Q\u00eb prej fillimit t\u00eb viteve \u201970, ai do t\u00eb ishte pjes\u00eb i pandar\u00eb i Ansamblit \u201cMyzeqeja\u201d, ku debutoi si instrumentist i defit dhe vijoi rrug\u00ebtimin e tij artistik deri n\u00eb vitin 2005. Nj\u00eb virtuoz i v\u00ebrtet\u00eb, mjesht\u00ebr i paimituesh\u00ebm n\u00eb plastik\u00ebn dhe energjin\u00eb skenike, ai e shnd\u00ebrroi defin n\u00eb nj\u00eb shpirt t\u00eb gjall\u00eb myzeqar.<\/p>\n<p><img loading=\"lazy\" decoding=\"async\" class=\"alignnone size-full wp-image-7452\" src=\"https:\/\/post.gazetatirana.com\/wp-content\/uploads\/2026\/02\/image-564.webp\" alt=\"\" width=\"1126\" height=\"692\" \/><\/p>\n<p>N\u00eb \u00e7do festival folklorik, Xhevit Metani hapte programin artistik t\u00eb Fierit me nj\u00eb pjes\u00eb solo n\u00eb def \u2013 nj\u00eb moment q\u00eb tashm\u00eb mbetet kujtim i paharruar p\u00ebr publikun.<\/p>\n<p>Ikja e tij preku thell\u00eb zemrat e fierak\u00ebve dhe t\u00eb gjith\u00eb atyre q\u00eb pat\u00ebn fatin ta njohin. P\u00ebr ndarjen e tij nga jeta ka reaguar edhe Drejtoria e Artit, Kultur\u00ebs dhe Turizmit, duke shprehur ngush\u00ebllimet m\u00eb t\u00eb sinqerta p\u00ebr familjen dhe t\u00eb af\u00ebrmit.<\/p>\n<p>Ceremonia e p\u00ebrcjelljes p\u00ebr n\u00eb banes\u00ebn e fundit do t\u00eb zhvillohet sot, n\u00eb or\u00ebn 13:00.<\/p>\n<p><iframe loading=\"lazy\" style=\"border: none; overflow: hidden;\" src=\"https:\/\/www.facebook.com\/plugins\/video.php?href=https%3A%2F%2Fwww.facebook.com%2Freel%2F1931683720790667%2F&amp;show_text=0&amp;width=560\" width=\"560\" height=\"420\" frameborder=\"0\" scrolling=\"no\" allowfullscreen=\"allowfullscreen\"><\/iframe><\/p>\n<div id=\"blogs-18247312\" class=\"blogs-after-content blogs-entity-placement\"><div id=\"div-gpt-ad-1770230601260-0\" style=\"width:300px; height:600px;\"><\/div><\/div><div id=\"blogs-962421296\" class=\"blogs-adsense-after-kontent blogs-entity-placement\"><script async src=\"https:\/\/pagead2.googlesyndication.com\/pagead\/js\/adsbygoogle.js\"\r\n     crossorigin=\"anonymous\"><\/script>\r\n<!-- Tiranaread -->\r\n<ins class=\"adsbygoogle\"\r\n     style=\"display:inline-block;width:728px;height:90px\"\r\n     data-ad-client=\"ca-pub-2355142065052501\"\r\n\t data-page-url=\"https:\/\/blogseyir.com\"\r\n     data-ad-slot=\"7464751963\"><\/ins>\r\n<script>\r\n     (adsbygoogle = window.adsbygoogle || []).push({});\r\n<\/script><\/div>","protected":false},"excerpt":{"rendered":"<p>\u00cbsht\u00eb ndar\u00eb nga jeta m\u00ebngjesin e djesh\u00ebm instrumentisti i njohur fierak, Xhevit Metani, nj\u00eb nga figurat m\u00eb t\u00eb dashura dhe t\u00eb respektuara jo vet\u00ebm p\u00ebr komunitetin rom, por p\u00ebr mbar\u00eb qytetin e Fierit. Ai ishte nj\u00eb em\u00ebr q\u00eb rrihte n\u00eb nj\u00eb me ritmin e zemr\u00ebs s\u00eb Myzeqes\u00eb. Me talentin dhe p\u00ebrkushtimin e tij, dha nj\u00eb [&hellip;]<\/p>\n","protected":false},"author":1,"featured_media":42422,"comment_status":"open","ping_status":"closed","sticky":false,"template":"","format":"standard","meta":{"footnotes":""},"categories":[32],"tags":[41,2444],"class_list":["post-42420","post","type-post","status-publish","format-standard","has-post-thumbnail","hentry","category-te-fundit","tag-vdekje","tag-xhevit-metani"],"_links":{"self":[{"href":"https:\/\/blogseyir.com\/wp\/wp-json\/wp\/v2\/posts\/42420","targetHints":{"allow":["GET"]}}],"collection":[{"href":"https:\/\/blogseyir.com\/wp\/wp-json\/wp\/v2\/posts"}],"about":[{"href":"https:\/\/blogseyir.com\/wp\/wp-json\/wp\/v2\/types\/post"}],"author":[{"embeddable":true,"href":"https:\/\/blogseyir.com\/wp\/wp-json\/wp\/v2\/users\/1"}],"replies":[{"embeddable":true,"href":"https:\/\/blogseyir.com\/wp\/wp-json\/wp\/v2\/comments?post=42420"}],"version-history":[{"count":1,"href":"https:\/\/blogseyir.com\/wp\/wp-json\/wp\/v2\/posts\/42420\/revisions"}],"predecessor-version":[{"id":42421,"href":"https:\/\/blogseyir.com\/wp\/wp-json\/wp\/v2\/posts\/42420\/revisions\/42421"}],"wp:featuredmedia":[{"embeddable":true,"href":"https:\/\/blogseyir.com\/wp\/wp-json\/wp\/v2\/media\/42422"}],"wp:attachment":[{"href":"https:\/\/blogseyir.com\/wp\/wp-json\/wp\/v2\/media?parent=42420"}],"wp:term":[{"taxonomy":"category","embeddable":true,"href":"https:\/\/blogseyir.com\/wp\/wp-json\/wp\/v2\/categories?post=42420"},{"taxonomy":"post_tag","embeddable":true,"href":"https:\/\/blogseyir.com\/wp\/wp-json\/wp\/v2\/tags?post=42420"}],"curies":[{"name":"wp","href":"https:\/\/api.w.org\/{rel}","templated":true}]}}