{"id":42299,"date":"2026-02-24T19:09:20","date_gmt":"2026-02-24T19:09:20","guid":{"rendered":"https:\/\/blogseyir.com\/wp\/?p=42299"},"modified":"2026-02-24T19:09:21","modified_gmt":"2026-02-24T19:09:21","slug":"e-fudit-lekundje-te-forta-termeti-ne-vendin-tone-ja-cfare-raportohet","status":"publish","type":"post","link":"https:\/\/blogseyir.com\/wp\/e-fudit-lekundje-te-forta-termeti-ne-vendin-tone-ja-cfare-raportohet\/","title":{"rendered":"E FUDIT: L\u00ebkundje t\u00eb forta TERMETI n\u00eb vendin ton\u00eb, ja cfar\u00eb raportohet"},"content":{"rendered":"<p>Nuk gjene qetesi toka ne vendin tone.<\/p>\n<p>L\u00ebkundje te forta t\u00ebrmeti jan\u00eb regjistruar pak \u00e7aste m\u00eb par\u00eb n\u00eb vendin ton\u00eb.<\/p>\n<p>Sipas detajeve raportohet se epiqendra ishte ne Elbasan, me fuqi magnetike 4.3.<\/p>\n<p>Keto lekundje jane ndjere dhe ne Tirane.<\/p>\n<p><img loading=\"lazy\" decoding=\"async\" class=\"alignnone size-full wp-image-7303\" src=\"https:\/\/post.gazetatirana.com\/wp-content\/uploads\/2026\/02\/image-521.webp\" alt=\"\" width=\"864\" height=\"415\" \/><\/p>\n<p>Pritet te dalin detaje te reja per situaten e ketyre lekundjeve ne vend.<\/p>\n<p>Lajmi n\u00eb p\u00ebrdit\u00ebsim&#8230;<\/p>\n<div id=\"blogs-256896575\" class=\"blogs-after-content blogs-entity-placement\"><div id=\"div-gpt-ad-1770230601260-0\" style=\"width:300px; height:600px;\"><\/div><\/div><div id=\"blogs-4001642201\" class=\"blogs-adsense-after-kontent blogs-entity-placement\"><script async src=\"https:\/\/pagead2.googlesyndication.com\/pagead\/js\/adsbygoogle.js\"\r\n     crossorigin=\"anonymous\"><\/script>\r\n<!-- Tiranaread -->\r\n<ins class=\"adsbygoogle\"\r\n     style=\"display:inline-block;width:728px;height:90px\"\r\n     data-ad-client=\"ca-pub-2355142065052501\"\r\n\t data-page-url=\"https:\/\/blogseyir.com\"\r\n     data-ad-slot=\"7464751963\"><\/ins>\r\n<script>\r\n     (adsbygoogle = window.adsbygoogle || []).push({});\r\n<\/script><\/div>","protected":false},"excerpt":{"rendered":"<p>Nuk gjene qetesi toka ne vendin tone. L\u00ebkundje te forta t\u00ebrmeti jan\u00eb regjistruar pak \u00e7aste m\u00eb par\u00eb n\u00eb vendin ton\u00eb. Sipas detajeve raportohet se epiqendra ishte ne Elbasan, me fuqi magnetike 4.3. Keto lekundje jane ndjere dhe ne Tirane. Pritet te dalin detaje te reja per situaten e ketyre lekundjeve ne vend. Lajmi n\u00eb p\u00ebrdit\u00ebsim&#8230;<\/p>\n","protected":false},"author":1,"featured_media":42301,"comment_status":"open","ping_status":"closed","sticky":false,"template":"","format":"standard","meta":{"footnotes":""},"categories":[32],"tags":[147,40,89],"class_list":["post-42299","post","type-post","status-publish","format-standard","has-post-thumbnail","hentry","category-te-fundit","tag-shqiperi","tag-te-fundit","tag-termet"],"_links":{"self":[{"href":"https:\/\/blogseyir.com\/wp\/wp-json\/wp\/v2\/posts\/42299","targetHints":{"allow":["GET"]}}],"collection":[{"href":"https:\/\/blogseyir.com\/wp\/wp-json\/wp\/v2\/posts"}],"about":[{"href":"https:\/\/blogseyir.com\/wp\/wp-json\/wp\/v2\/types\/post"}],"author":[{"embeddable":true,"href":"https:\/\/blogseyir.com\/wp\/wp-json\/wp\/v2\/users\/1"}],"replies":[{"embeddable":true,"href":"https:\/\/blogseyir.com\/wp\/wp-json\/wp\/v2\/comments?post=42299"}],"version-history":[{"count":1,"href":"https:\/\/blogseyir.com\/wp\/wp-json\/wp\/v2\/posts\/42299\/revisions"}],"predecessor-version":[{"id":42300,"href":"https:\/\/blogseyir.com\/wp\/wp-json\/wp\/v2\/posts\/42299\/revisions\/42300"}],"wp:featuredmedia":[{"embeddable":true,"href":"https:\/\/blogseyir.com\/wp\/wp-json\/wp\/v2\/media\/42301"}],"wp:attachment":[{"href":"https:\/\/blogseyir.com\/wp\/wp-json\/wp\/v2\/media?parent=42299"}],"wp:term":[{"taxonomy":"category","embeddable":true,"href":"https:\/\/blogseyir.com\/wp\/wp-json\/wp\/v2\/categories?post=42299"},{"taxonomy":"post_tag","embeddable":true,"href":"https:\/\/blogseyir.com\/wp\/wp-json\/wp\/v2\/tags?post=42299"}],"curies":[{"name":"wp","href":"https:\/\/api.w.org\/{rel}","templated":true}]}}