{"id":41933,"date":"2026-02-19T13:28:22","date_gmt":"2026-02-19T13:28:22","guid":{"rendered":"https:\/\/blogseyir.com\/wp\/?p=41933"},"modified":"2026-02-19T13:28:23","modified_gmt":"2026-02-19T13:28:23","slug":"denisa-sjell-ne-jete-femijen-e-dyte-zbulohet-emri-i-vecante","status":"publish","type":"post","link":"https:\/\/blogseyir.com\/wp\/denisa-sjell-ne-jete-femijen-e-dyte-zbulohet-emri-i-vecante\/","title":{"rendered":"Denisa sjell n\u00eb jet\u00eb f\u00ebmij\u00ebn e dyt\u00eb, zbulohet emri i ve\u00e7ant\u00eb"},"content":{"rendered":"<p>Familja e Kozak Bra\u00e7it dhe partneres s\u00eb tij, Denis\u00ebs, \u00ebsht\u00eb zgjeruar s\u00ebrish. \u00c7ifti jan\u00eb b\u00ebr\u00eb prind\u00ebr p\u00ebr her\u00eb t\u00eb dyt\u00eb, duke mir\u00ebpritur n\u00eb jet\u00eb nj\u00eb djal\u00eb.<\/p>\n<p>Lajmin e bukur e ka ndar\u00eb vet\u00eb Kozaku p\u00ebrmes nj\u00eb postimi n\u00eb rrjetet sociale, ku ka publikuar foton e par\u00eb t\u00eb t\u00eb porsalindurit.<\/p>\n<p>Bebi shfaqet i mb\u00ebshtjell\u00eb me nj\u00eb batanije t\u00eb mark\u00ebs \u201cFendi\u201d, nd\u00ebrsa fytyra i \u00ebsht\u00eb mbuluar me nj\u00eb emoji zemre p\u00ebr t\u00eb ruajtur privat\u00ebsin\u00eb.<\/p>\n<p>Kozaku ka zbuluar gjithashtu emrin q\u00eb kan\u00eb zgjedhur p\u00ebr djalin e tyre t\u00eb dyt\u00eb.<\/p>\n<p>\u201cMirserdhe Masson\u201d \u2013 shkruan ai n\u00eb postim, duke e shoq\u00ebruar me nj\u00eb zem\u00ebr t\u00eb kuqe dhe nj\u00eb kuror\u00eb mbret\u00ebrore.<\/p>\n<p>Ardhja n\u00eb jet\u00eb e Masson vjen pas lindjes s\u00eb djalit t\u00eb tyre t\u00eb par\u00eb, duke e b\u00ebr\u00eb k\u00ebshtu Kozakun baba t\u00eb dy djemve.<\/p>\n<p>Reagimet dhe urimet nga ndjek\u00ebsit dhe miqt\u00eb kan\u00eb qen\u00eb t\u00eb shumta p\u00ebr k\u00ebt\u00eb moment t\u00eb lumtur t\u00eb familjes.<\/p>\n<p><img loading=\"lazy\" decoding=\"async\" class=\"alignnone size-full wp-image-6846\" src=\"https:\/\/post.gazetatirana.com\/wp-content\/uploads\/2026\/02\/A6463DFB-FBBE-4764-B3FB-95B4109D35E2.webp\" alt=\"\" width=\"1079\" height=\"1899\" \/><\/p>\n<div id=\"blogs-1765123370\" class=\"blogs-after-content blogs-entity-placement\"><div id=\"div-gpt-ad-1770230601260-0\" style=\"width:300px; height:600px;\"><\/div><\/div><div id=\"blogs-3663127688\" class=\"blogs-adsense-after-kontent blogs-entity-placement\"><script async src=\"https:\/\/pagead2.googlesyndication.com\/pagead\/js\/adsbygoogle.js\"\r\n     crossorigin=\"anonymous\"><\/script>\r\n<!-- Tiranaread -->\r\n<ins class=\"adsbygoogle\"\r\n     style=\"display:inline-block;width:728px;height:90px\"\r\n     data-ad-client=\"ca-pub-2355142065052501\"\r\n\t data-page-url=\"https:\/\/blogseyir.com\"\r\n     data-ad-slot=\"7464751963\"><\/ins>\r\n<script>\r\n     (adsbygoogle = window.adsbygoogle || []).push({});\r\n<\/script><\/div>","protected":false},"excerpt":{"rendered":"<p>Familja e Kozak Bra\u00e7it dhe partneres s\u00eb tij, Denis\u00ebs, \u00ebsht\u00eb zgjeruar s\u00ebrish. \u00c7ifti jan\u00eb b\u00ebr\u00eb prind\u00ebr p\u00ebr her\u00eb t\u00eb dyt\u00eb, duke mir\u00ebpritur n\u00eb jet\u00eb nj\u00eb djal\u00eb. Lajmin e bukur e ka ndar\u00eb vet\u00eb Kozaku p\u00ebrmes nj\u00eb postimi n\u00eb rrjetet sociale, ku ka publikuar foton e par\u00eb t\u00eb t\u00eb porsalindurit. Bebi shfaqet i mb\u00ebshtjell\u00eb me nj\u00eb [&hellip;]<\/p>\n","protected":false},"author":1,"featured_media":41935,"comment_status":"open","ping_status":"closed","sticky":false,"template":"","format":"standard","meta":{"footnotes":""},"categories":[33],"tags":[2428,1836],"class_list":["post-41933","post","type-post","status-publish","format-standard","has-post-thumbnail","hentry","category-showbizi","tag-denisa","tag-kozaku"],"_links":{"self":[{"href":"https:\/\/blogseyir.com\/wp\/wp-json\/wp\/v2\/posts\/41933","targetHints":{"allow":["GET"]}}],"collection":[{"href":"https:\/\/blogseyir.com\/wp\/wp-json\/wp\/v2\/posts"}],"about":[{"href":"https:\/\/blogseyir.com\/wp\/wp-json\/wp\/v2\/types\/post"}],"author":[{"embeddable":true,"href":"https:\/\/blogseyir.com\/wp\/wp-json\/wp\/v2\/users\/1"}],"replies":[{"embeddable":true,"href":"https:\/\/blogseyir.com\/wp\/wp-json\/wp\/v2\/comments?post=41933"}],"version-history":[{"count":1,"href":"https:\/\/blogseyir.com\/wp\/wp-json\/wp\/v2\/posts\/41933\/revisions"}],"predecessor-version":[{"id":41934,"href":"https:\/\/blogseyir.com\/wp\/wp-json\/wp\/v2\/posts\/41933\/revisions\/41934"}],"wp:featuredmedia":[{"embeddable":true,"href":"https:\/\/blogseyir.com\/wp\/wp-json\/wp\/v2\/media\/41935"}],"wp:attachment":[{"href":"https:\/\/blogseyir.com\/wp\/wp-json\/wp\/v2\/media?parent=41933"}],"wp:term":[{"taxonomy":"category","embeddable":true,"href":"https:\/\/blogseyir.com\/wp\/wp-json\/wp\/v2\/categories?post=41933"},{"taxonomy":"post_tag","embeddable":true,"href":"https:\/\/blogseyir.com\/wp\/wp-json\/wp\/v2\/tags?post=41933"}],"curies":[{"name":"wp","href":"https:\/\/api.w.org\/{rel}","templated":true}]}}