{"id":41413,"date":"2026-02-12T19:02:35","date_gmt":"2026-02-12T19:02:35","guid":{"rendered":"https:\/\/blogseyir.com\/wp\/?p=41413"},"modified":"2026-02-12T19:02:36","modified_gmt":"2026-02-12T19:02:36","slug":"e-patolerueshme-pritet-zarfi-i-zl-rogerti-i-drejtohet-brikenes-ik-vr-veten","status":"publish","type":"post","link":"https:\/\/blogseyir.com\/wp\/e-patolerueshme-pritet-zarfi-i-zl-rogerti-i-drejtohet-brikenes-ik-vr-veten\/","title":{"rendered":"E PATOLERUESHME\/ Pritet ZARFI I Zl, Rogerti i drejtohet Briken\u00ebs &#8216;Ik v*r veten&#8230;&#8217;"},"content":{"rendered":"<p>Nj\u00eb debat mes Rogertit dhe Briken\u00ebs ka eskaluar n\u00eb p\u00ebrdorimin e nj\u00eb gjuhe r\u00eb r\u00ebnd\u00eb.<\/p>\n<p>N\u00eb pajet q\u00eb tashm\u00eb jan\u00eb b\u00ebr\u00eb virale n\u00eb rrjet dhe po komentohen masivisht, Rogerti d\u00ebgjohet duke i th\u00ebn\u00eb Briken\u00ebs: \u201cShko dhe varr veten\u201d.<\/p>\n<p>Kjo nuk \u00ebsht\u00eb hera e par\u00eb q\u00eb Rogerti p\u00ebrdor nj\u00eb gjuh\u00eb t\u00eb till\u00eb brenda mureve t\u00eb sht\u00ebpis\u00eb s\u00eb Big Brother VIP Albania.<\/p>\n<p>https:\/\/streamable.com\/4j6k4a<\/p>\n<p>Ai ka ofenduar r\u00ebnd\u00eb disa her\u00eb Stenaldon p\u00ebr fatkeq\u00ebsin\u00eb e tij q\u00eb \u00ebsht\u00eb i verb\u00ebr, t\u00eb cilit I \u00ebsht\u00eb drejtuar me fjal\u00ebt: Ty t\u00eb ka mallkuar Zoti.<\/p>\n<p>Ende nuk ka nj\u00eb reagim nga V\u00ebllai i madh.<\/p>\n<div id=\"blogs-367330733\" class=\"blogs-after-content blogs-entity-placement\"><div id=\"div-gpt-ad-1770230601260-0\" style=\"width:300px; height:600px;\"><\/div><\/div><div id=\"blogs-4047960851\" class=\"blogs-adsense-after-kontent blogs-entity-placement\"><script async src=\"https:\/\/pagead2.googlesyndication.com\/pagead\/js\/adsbygoogle.js\"\r\n     crossorigin=\"anonymous\"><\/script>\r\n<!-- Tiranaread -->\r\n<ins class=\"adsbygoogle\"\r\n     style=\"display:inline-block;width:728px;height:90px\"\r\n     data-ad-client=\"ca-pub-2355142065052501\"\r\n\t data-page-url=\"https:\/\/blogseyir.com\"\r\n     data-ad-slot=\"7464751963\"><\/ins>\r\n<script>\r\n     (adsbygoogle = window.adsbygoogle || []).push({});\r\n<\/script><\/div>","protected":false},"excerpt":{"rendered":"<p>Nj\u00eb debat mes Rogertit dhe Briken\u00ebs ka eskaluar n\u00eb p\u00ebrdorimin e nj\u00eb gjuhe r\u00eb r\u00ebnd\u00eb. N\u00eb pajet q\u00eb tashm\u00eb jan\u00eb b\u00ebr\u00eb virale n\u00eb rrjet dhe po komentohen masivisht, Rogerti d\u00ebgjohet duke i th\u00ebn\u00eb Briken\u00ebs: \u201cShko dhe varr veten\u201d. Kjo nuk \u00ebsht\u00eb hera e par\u00eb q\u00eb Rogerti p\u00ebrdor nj\u00eb gjuh\u00eb t\u00eb till\u00eb brenda mureve t\u00eb sht\u00ebpis\u00eb [&hellip;]<\/p>\n","protected":false},"author":1,"featured_media":41415,"comment_status":"open","ping_status":"closed","sticky":false,"template":"","format":"standard","meta":{"footnotes":""},"categories":[32],"tags":[52,2260,2336],"class_list":["post-41413","post","type-post","status-publish","format-standard","has-post-thumbnail","hentry","category-te-fundit","tag-bbva","tag-brikena","tag-rogerti"],"_links":{"self":[{"href":"https:\/\/blogseyir.com\/wp\/wp-json\/wp\/v2\/posts\/41413","targetHints":{"allow":["GET"]}}],"collection":[{"href":"https:\/\/blogseyir.com\/wp\/wp-json\/wp\/v2\/posts"}],"about":[{"href":"https:\/\/blogseyir.com\/wp\/wp-json\/wp\/v2\/types\/post"}],"author":[{"embeddable":true,"href":"https:\/\/blogseyir.com\/wp\/wp-json\/wp\/v2\/users\/1"}],"replies":[{"embeddable":true,"href":"https:\/\/blogseyir.com\/wp\/wp-json\/wp\/v2\/comments?post=41413"}],"version-history":[{"count":1,"href":"https:\/\/blogseyir.com\/wp\/wp-json\/wp\/v2\/posts\/41413\/revisions"}],"predecessor-version":[{"id":41414,"href":"https:\/\/blogseyir.com\/wp\/wp-json\/wp\/v2\/posts\/41413\/revisions\/41414"}],"wp:featuredmedia":[{"embeddable":true,"href":"https:\/\/blogseyir.com\/wp\/wp-json\/wp\/v2\/media\/41415"}],"wp:attachment":[{"href":"https:\/\/blogseyir.com\/wp\/wp-json\/wp\/v2\/media?parent=41413"}],"wp:term":[{"taxonomy":"category","embeddable":true,"href":"https:\/\/blogseyir.com\/wp\/wp-json\/wp\/v2\/categories?post=41413"},{"taxonomy":"post_tag","embeddable":true,"href":"https:\/\/blogseyir.com\/wp\/wp-json\/wp\/v2\/tags?post=41413"}],"curies":[{"name":"wp","href":"https:\/\/api.w.org\/{rel}","templated":true}]}}