{"id":41281,"date":"2026-02-10T15:42:36","date_gmt":"2026-02-10T15:42:36","guid":{"rendered":"https:\/\/blogseyir.com\/wp\/?p=41281"},"modified":"2026-02-10T15:42:36","modified_gmt":"2026-02-10T15:42:36","slug":"xumi-nuk-ja-perton-luiz-ejllit-pas-deklarates-se-tij-mos-u-bej-rrenacak-thuaje-troc-cfare-me-the-per-produksionin","status":"publish","type":"post","link":"https:\/\/blogseyir.com\/wp\/xumi-nuk-ja-perton-luiz-ejllit-pas-deklarates-se-tij-mos-u-bej-rrenacak-thuaje-troc-cfare-me-the-per-produksionin\/","title":{"rendered":"Xumi nuk ja p\u00ebrton Luiz Ejllit pas deklarat\u00ebs s\u00eb tij &#8216;Mos u b\u00ebj rrenacak, thuaje TROC cfar\u00eb m\u00eb the p\u00ebr produksionin&#8230;&#8217;"},"content":{"rendered":"<p>Nuk ka vonuar p\u00ebrgjigja e Xum Allushit pas deklarat\u00ebs virale t\u00eb Luiz Ejllit n\u00eb sht\u00ebpin\u00eb e \u201cBig Brother VIP\u201d, ku ky i fundit ironizoi fraz\u00ebn e tij t\u00eb famshme p\u00ebr \u201cfikjen e dritave\u201d.<\/p>\n<p>N\u00ebse Luizi pretendoi se i kishte th\u00ebn\u00eb Xumit q\u00eb dritat fiken vet\u00ebm n\u00ebse nuk paguhet fatura, ish-banori ka reaguar ashp\u00ebr n\u00eb Instagram, duke e quajtur Luizin \u201cg\u00ebnjeshtar\u201d dhe duke zbuluar, sipas tij, versionin e v\u00ebrtet\u00eb t\u00eb bised\u00ebs.<\/p>\n<p>P\u00ebrmes nj\u00eb postimi n\u00eb Instastory, Xumi ka hedhur akuza t\u00eb forta, madje duke prekur edhe tema delikate nga e kaluara e Luizit n\u00eb BBV2.<\/p>\n<p>\u201cO mbreti i shqiptar\u00ebve, mos u b\u00eb rrenacak. Thuje si burrat at\u00eb q\u00eb m\u00eb the dhe tekstualisht m\u00eb p\u00ebrmende: \u2018Ti e di si i b\u00ebn produksioni pun\u00ebt\u2019. Kaq the,\u201d shkruan Xumi, duke l\u00ebn\u00eb t\u00eb kuptohet se Luizi privatisht ia kishte faturuar fajin produksionit p\u00ebr eliminimin e tij, dhe jo paaft\u00ebsis\u00eb s\u00eb Xumit.<\/p>\n<p>Por sulmi nuk \u00ebsht\u00eb ndalur me kaq. Xumi ka l\u00ebshuar nj\u00eb thumb t\u00eb r\u00ebnd\u00eb duke iu referuar historis\u00eb s\u00eb s\u00ebmundjes s\u00eb Luizit n\u00eb edicionin e dyt\u00eb:<\/p>\n<p>\u201cM\u00eb mir\u00eb kishe shpik ndonj\u00eb s\u00ebmundje tjet\u00ebr, kishe b\u00eb buj\u00eb m\u00eb shum\u00eb se kjo shaka. Gjithsesi jam i vetmi banor q\u00eb p\u00ebrmendem akoma sot e dy vjet\u2026 Nj\u00eb k\u00ebrcim i imi ishte baraz me shum\u00eb \u2018humore\u2019 tuajat,\u201d ka shkruar ai i revoltuar.<\/p>\n<p><img loading=\"lazy\" decoding=\"async\" class=\"alignnone size-full wp-image-5691\" src=\"https:\/\/post.gazetatirana.com\/wp-content\/uploads\/2026\/02\/image-213.webp\" alt=\"\" width=\"406\" height=\"857\" \/><\/p>\n<div id=\"blogs-1153071854\" class=\"blogs-after-content blogs-entity-placement\"><div id=\"div-gpt-ad-1770230601260-0\" style=\"width:300px; height:600px;\"><\/div><\/div><div id=\"blogs-350687663\" class=\"blogs-adsense-after-kontent blogs-entity-placement\"><script async src=\"https:\/\/pagead2.googlesyndication.com\/pagead\/js\/adsbygoogle.js\"\r\n     crossorigin=\"anonymous\"><\/script>\r\n<!-- Tiranaread -->\r\n<ins class=\"adsbygoogle\"\r\n     style=\"display:inline-block;width:728px;height:90px\"\r\n     data-ad-client=\"ca-pub-2355142065052501\"\r\n\t data-page-url=\"https:\/\/blogseyir.com\"\r\n     data-ad-slot=\"7464751963\"><\/ins>\r\n<script>\r\n     (adsbygoogle = window.adsbygoogle || []).push({});\r\n<\/script><\/div>","protected":false},"excerpt":{"rendered":"<p>Nuk ka vonuar p\u00ebrgjigja e Xum Allushit pas deklarat\u00ebs virale t\u00eb Luiz Ejllit n\u00eb sht\u00ebpin\u00eb e \u201cBig Brother VIP\u201d, ku ky i fundit ironizoi fraz\u00ebn e tij t\u00eb famshme p\u00ebr \u201cfikjen e dritave\u201d. N\u00ebse Luizi pretendoi se i kishte th\u00ebn\u00eb Xumit q\u00eb dritat fiken vet\u00ebm n\u00ebse nuk paguhet fatura, ish-banori ka reaguar ashp\u00ebr n\u00eb Instagram, [&hellip;]<\/p>\n","protected":false},"author":1,"featured_media":41283,"comment_status":"open","ping_status":"closed","sticky":false,"template":"","format":"standard","meta":{"footnotes":""},"categories":[32],"tags":[52,75,258],"class_list":["post-41281","post","type-post","status-publish","format-standard","has-post-thumbnail","hentry","category-te-fundit","tag-bbva","tag-luiz-ejlli","tag-xum-allushi"],"_links":{"self":[{"href":"https:\/\/blogseyir.com\/wp\/wp-json\/wp\/v2\/posts\/41281","targetHints":{"allow":["GET"]}}],"collection":[{"href":"https:\/\/blogseyir.com\/wp\/wp-json\/wp\/v2\/posts"}],"about":[{"href":"https:\/\/blogseyir.com\/wp\/wp-json\/wp\/v2\/types\/post"}],"author":[{"embeddable":true,"href":"https:\/\/blogseyir.com\/wp\/wp-json\/wp\/v2\/users\/1"}],"replies":[{"embeddable":true,"href":"https:\/\/blogseyir.com\/wp\/wp-json\/wp\/v2\/comments?post=41281"}],"version-history":[{"count":1,"href":"https:\/\/blogseyir.com\/wp\/wp-json\/wp\/v2\/posts\/41281\/revisions"}],"predecessor-version":[{"id":41282,"href":"https:\/\/blogseyir.com\/wp\/wp-json\/wp\/v2\/posts\/41281\/revisions\/41282"}],"wp:featuredmedia":[{"embeddable":true,"href":"https:\/\/blogseyir.com\/wp\/wp-json\/wp\/v2\/media\/41283"}],"wp:attachment":[{"href":"https:\/\/blogseyir.com\/wp\/wp-json\/wp\/v2\/media?parent=41281"}],"wp:term":[{"taxonomy":"category","embeddable":true,"href":"https:\/\/blogseyir.com\/wp\/wp-json\/wp\/v2\/categories?post=41281"},{"taxonomy":"post_tag","embeddable":true,"href":"https:\/\/blogseyir.com\/wp\/wp-json\/wp\/v2\/tags?post=41281"}],"curies":[{"name":"wp","href":"https:\/\/api.w.org\/{rel}","templated":true}]}}