{"id":41055,"date":"2026-02-07T08:54:18","date_gmt":"2026-02-07T08:54:18","guid":{"rendered":"https:\/\/blogseyir.com\/wp\/?p=41055"},"modified":"2026-02-07T08:54:19","modified_gmt":"2026-02-07T08:54:19","slug":"nje-konflikt-i-vjeter-rikthen-luizin-ne-bbva-zbulohet-arsyeja-madhore-e-hyrjes-se-fituesit-legjendar-ne-shtepi","status":"publish","type":"post","link":"https:\/\/blogseyir.com\/wp\/nje-konflikt-i-vjeter-rikthen-luizin-ne-bbva-zbulohet-arsyeja-madhore-e-hyrjes-se-fituesit-legjendar-ne-shtepi\/","title":{"rendered":"&#8216;Nj\u00eb konflikt i vjet\u00ebr RIKTHEN Luizin n\u00eb BBVA?&#8217; Zbulohet arsyeja madhore e hyrjes s\u00eb fituesit legjendar n\u00eb sht\u00ebpi"},"content":{"rendered":"<p>Hyrja e Luiz Ejllit n\u00eb \u201cBig Brother VIP Albania 5\u201d \u00ebsht\u00eb kryefjala e momentit, pas videos bombastike t\u00eb publikuar nga Top Channel, ku fituesi i edicionit t\u00eb dyt\u00eb u shfaq n\u00eb dhom\u00ebn e rr\u00ebfimit me deklarat\u00ebn q\u00eb shkundi rrjetin: \u201cTani luftohet vet\u00ebm p\u00ebr vendin e dyt\u00eb\u201d.<\/p>\n<p>Megjithat\u00eb, nd\u00ebrsa publiku jasht\u00eb \u00ebsht\u00eb n\u00eb dijeni, banor\u00ebt brenda sht\u00ebpis\u00eb ende nuk din\u00eb asgj\u00eb. Ata do t\u00eb p\u00ebrballen me surpriz\u00ebn e madhe mbr\u00ebmjen e sotme gjat\u00eb spektaklit \u201cPrime\u201d, nj\u00eb l\u00ebvizje q\u00eb pritet t\u00eb trondis\u00eb ekuilibrat dhe t\u2019i fus\u00eb t\u00eb gjith\u00eb n\u00eb presion t\u00eb lart\u00eb psikologjik.<\/p>\n<p>Ndon\u00ebse zyrtarisht nuk \u00ebsht\u00eb konfirmuar koh\u00ebzgjatja, burimet sugjerojn\u00eb se q\u00ebndrimi i tij do t\u00eb jet\u00eb vet\u00ebm disa ditor (nj\u00eb mision special dhe jo nj\u00eb gar\u00eb e mir\u00ebfillt\u00eb p\u00ebr \u00e7mimin e madh), koh\u00eb kjo q\u00eb p\u00ebrkon edhe me promovimin e filmit t\u00eb tij t\u00eb ri.<\/p>\n<p>Por, aludimet n\u00eb rrjet kan\u00eb shkuar p\u00ebrtej marketingut. Z\u00ebra t\u00eb ndrysh\u00ebm flasin p\u00ebr nj\u00eb skenar tjet\u00ebr: nj\u00eb \u201cinat t\u00eb vjet\u00ebr\u201d mes Luizit dhe Rogertit.<\/p>\n<p>Thuhet se hyrja e k\u00ebng\u00ebtarit ka edhe q\u00ebllimin e nj\u00eb p\u00ebrplasjeje direkte me banorin aktual, megjith\u00ebse detajet mbi zanafill\u00ebn e k\u00ebtij konflikti t\u00eb mundsh\u00ebm mbeten ende misterioze.<\/p>\n<p>Mbetet p\u00ebr t\u2019u par\u00eb sonte n\u00ebse Luizi do t\u00eb hyj\u00eb si \u201cmentor\u201d, si \u201cfrik\u00ebsues\u201d apo si nj\u00eb \u201ckund\u00ebrshtar\u201d i drejtp\u00ebrdrejt\u00eb p\u00ebr Rogertin.<\/p>\n<p>&nbsp;<\/p>\n<div id=\"blogs-150629415\" class=\"blogs-after-content blogs-entity-placement\"><div id=\"div-gpt-ad-1770230601260-0\" style=\"width:300px; height:600px;\"><\/div><\/div><div id=\"blogs-1647689075\" class=\"blogs-adsense-after-kontent blogs-entity-placement\"><script async src=\"https:\/\/pagead2.googlesyndication.com\/pagead\/js\/adsbygoogle.js\"\r\n     crossorigin=\"anonymous\"><\/script>\r\n<!-- Tiranaread -->\r\n<ins class=\"adsbygoogle\"\r\n     style=\"display:inline-block;width:728px;height:90px\"\r\n     data-ad-client=\"ca-pub-2355142065052501\"\r\n\t data-page-url=\"https:\/\/blogseyir.com\"\r\n     data-ad-slot=\"7464751963\"><\/ins>\r\n<script>\r\n     (adsbygoogle = window.adsbygoogle || []).push({});\r\n<\/script><\/div>","protected":false},"excerpt":{"rendered":"<p>Hyrja e Luiz Ejllit n\u00eb \u201cBig Brother VIP Albania 5\u201d \u00ebsht\u00eb kryefjala e momentit, pas videos bombastike t\u00eb publikuar nga Top Channel, ku fituesi i edicionit t\u00eb dyt\u00eb u shfaq n\u00eb dhom\u00ebn e rr\u00ebfimit me deklarat\u00ebn q\u00eb shkundi rrjetin: \u201cTani luftohet vet\u00ebm p\u00ebr vendin e dyt\u00eb\u201d. Megjithat\u00eb, nd\u00ebrsa publiku jasht\u00eb \u00ebsht\u00eb n\u00eb dijeni, banor\u00ebt brenda [&hellip;]<\/p>\n","protected":false},"author":1,"featured_media":41057,"comment_status":"open","ping_status":"closed","sticky":false,"template":"","format":"standard","meta":{"footnotes":""},"categories":[32],"tags":[52,75,2336],"class_list":["post-41055","post","type-post","status-publish","format-standard","has-post-thumbnail","hentry","category-te-fundit","tag-bbva","tag-luiz-ejlli","tag-rogerti"],"_links":{"self":[{"href":"https:\/\/blogseyir.com\/wp\/wp-json\/wp\/v2\/posts\/41055","targetHints":{"allow":["GET"]}}],"collection":[{"href":"https:\/\/blogseyir.com\/wp\/wp-json\/wp\/v2\/posts"}],"about":[{"href":"https:\/\/blogseyir.com\/wp\/wp-json\/wp\/v2\/types\/post"}],"author":[{"embeddable":true,"href":"https:\/\/blogseyir.com\/wp\/wp-json\/wp\/v2\/users\/1"}],"replies":[{"embeddable":true,"href":"https:\/\/blogseyir.com\/wp\/wp-json\/wp\/v2\/comments?post=41055"}],"version-history":[{"count":1,"href":"https:\/\/blogseyir.com\/wp\/wp-json\/wp\/v2\/posts\/41055\/revisions"}],"predecessor-version":[{"id":41056,"href":"https:\/\/blogseyir.com\/wp\/wp-json\/wp\/v2\/posts\/41055\/revisions\/41056"}],"wp:featuredmedia":[{"embeddable":true,"href":"https:\/\/blogseyir.com\/wp\/wp-json\/wp\/v2\/media\/41057"}],"wp:attachment":[{"href":"https:\/\/blogseyir.com\/wp\/wp-json\/wp\/v2\/media?parent=41055"}],"wp:term":[{"taxonomy":"category","embeddable":true,"href":"https:\/\/blogseyir.com\/wp\/wp-json\/wp\/v2\/categories?post=41055"},{"taxonomy":"post_tag","embeddable":true,"href":"https:\/\/blogseyir.com\/wp\/wp-json\/wp\/v2\/tags?post=41055"}],"curies":[{"name":"wp","href":"https:\/\/api.w.org\/{rel}","templated":true}]}}