{"id":40977,"date":"2026-02-05T21:00:36","date_gmt":"2026-02-05T21:00:36","guid":{"rendered":"https:\/\/blogseyir.com\/wp\/?p=40977"},"modified":"2026-02-05T21:00:37","modified_gmt":"2026-02-05T21:00:37","slug":"enderronin-vetem-te-kishin-nje-shtepi-dhe-ajo-ua-mori-jeten-tragjedia-ne-itali-flet-miku-i-22-vjecarit-6-muaj-kishin-qe","status":"publish","type":"post","link":"https:\/\/blogseyir.com\/wp\/enderronin-vetem-te-kishin-nje-shtepi-dhe-ajo-ua-mori-jeten-tragjedia-ne-itali-flet-miku-i-22-vjecarit-6-muaj-kishin-qe\/","title":{"rendered":"&#8216;End\u00ebrronin vet\u00ebm t\u00eb kishin nj\u00eb sht\u00ebpi dhe ajo ua mori jet\u00ebn&#8230;&#8217; Tragjedia n\u00eb Itali, flet miku i 22 vjecarit &#8216;6 muaj kishin q\u00eb&#8230;&#8217;"},"content":{"rendered":"<p>Familja shqiptare q\u00eb \u201cu shua\u201d p\u00ebr shkak t\u00eb rrjedhjes s\u00eb monoksidit t\u00eb karbonit nga kaldaja, kas prekur thell\u00eb opinionin publik. Ku t\u00eb kat\u00ebrt an\u00ebtar\u00ebt e familjes Kola, Arti dhe Jonida, prind\u00ebrit e Hajdarit 22 vje\u00e7 dhe t\u00eb mitur\u00ebs Xhesika, vet\u00ebm 15 vje\u00e7 jan\u00eb gjetur t\u00eb pajet\u00eb n\u00eb sht\u00ebpin\u00eb e tyre n\u00eb zon\u00ebn e Pianna di Luca.<\/p>\n<p>Miku i ngusht\u00eb i Hajdar Kol\u00ebs, Ernest \u00c7ela ka rr\u00ebfyer \u00e7astet e fundit kur mb\u00ebrriti n\u00eb banes\u00eb bashk\u00eb m\u00eb v\u00ebllan\u00eb e kryefamiljarit.<\/p>\n<p>\u201cNuk dinim defekt p\u00ebr kaldaj\u00ebn. Kur erdhi policia shkuam te sht\u00ebpia, te kati i dyt\u00eb\u2026 kur i pam\u00eb t\u00eb kat\u00ebrt. Jemi fqinj. Xhaxhi i tij shp\u00ebrtheu der\u00ebn, pastaj shkuam te kati i dyt\u00eb dhe aty i pam\u00eb t\u00eb kat\u00ebrt p\u00ebrtok\u00eb. Sa hyra kemi par\u00eb q\u00eb kishin puls, Darion dhe babi i tij ishin gjall\u00eb. Kemi provuar gjith\u00e7ka q\u00eb mund t\u00eb b\u00ebnim p\u00ebr t\u2019i zgjuar, deri sa aty xhaxhit t\u00eb tij i ra t\u00eb fik\u00ebt. M\u00eb pas edhe un\u00eb patra probleme, dhe dol\u00ebm jasht\u00eb se filluam t\u00eb kishim gjendje t\u00eb fikti edhe ne. Kemi q\u00ebndruar aty brenda 10 minuta. Nuk i ngrinim dot trupat, sepse nuk e dinim \u00e7far\u00eb kishte ndodhur. Gjendja sh\u00ebndet\u00ebsore e xhaxhit t\u00eb tyre \u00ebsht\u00eb jasht\u00eb rrezikut tani p\u00ebr jet\u00ebn\u201d u shpreh ai n\u00eb TopStory.<\/p>\n<p>Teksa m\u00eb t\u00ebj \u00ebsht\u00eb shprehur se njihej prej vitesh me Hajdarin, ose Darion si\u00e7 e th\u00ebrrisnin t\u00eb af\u00ebrmit. Ai ka shpjeguar se familja sapo e kishte bler\u00eb sht\u00ebpoin\u00eb dhe nuk kishte m\u00eb shum\u00eb se 6 muaj q\u00eb ishinfutur brenda, teksa shton se ishin krenar\u00eb p\u00ebr haoin q\u00eb kishin b\u00ebr\u00eb.<\/p>\n<p>\u201cMe Darion njihemi prej vitesh, jemi t\u00eb gjith\u00eb shqiptar\u00eb k\u00ebtu. E kam pasur p\u00ebr nj\u00eb vit e gjysm\u00eb si komshi. Ai ishte nj\u00eb djal\u00eb shum\u00eb pun\u00ebtor, punonte si elektricist. Sa e kishin bler\u00eb sht\u00ebpin\u00eb, 6 muaj kishin q\u00eb ishin futur n\u00eb sht\u00ebpi.<\/p>\n<p>\u00c7do fundjav\u00eb ishin duke rregulluar sht\u00ebpin\u00eb, ishin krenar p\u00ebr hapin q\u00eb kishin b\u00ebr\u00eb. Sht\u00ebpin\u00eb e kishin si objektiv. Pas tragjedis\u00eb gjith\u00eb komuniteti shqiptar\u00eb kan\u00eb ardhur k\u00ebtu, jemi tronditur t\u00eb gjith\u00eb\u201d tha ai.<\/p>\n<div id=\"blogs-2529187921\" class=\"blogs-after-content blogs-entity-placement\"><div id=\"div-gpt-ad-1770230601260-0\" style=\"width:300px; height:600px;\"><\/div><\/div><div id=\"blogs-681646053\" class=\"blogs-adsense-after-kontent blogs-entity-placement\"><script async src=\"https:\/\/pagead2.googlesyndication.com\/pagead\/js\/adsbygoogle.js\"\r\n     crossorigin=\"anonymous\"><\/script>\r\n<!-- Tiranaread -->\r\n<ins class=\"adsbygoogle\"\r\n     style=\"display:inline-block;width:728px;height:90px\"\r\n     data-ad-client=\"ca-pub-2355142065052501\"\r\n\t data-page-url=\"https:\/\/blogseyir.com\"\r\n     data-ad-slot=\"7464751963\"><\/ins>\r\n<script>\r\n     (adsbygoogle = window.adsbygoogle || []).push({});\r\n<\/script><\/div>","protected":false},"excerpt":{"rendered":"<p>Familja shqiptare q\u00eb \u201cu shua\u201d p\u00ebr shkak t\u00eb rrjedhjes s\u00eb monoksidit t\u00eb karbonit nga kaldaja, kas prekur thell\u00eb opinionin publik. Ku t\u00eb kat\u00ebrt an\u00ebtar\u00ebt e familjes Kola, Arti dhe Jonida, prind\u00ebrit e Hajdarit 22 vje\u00e7 dhe t\u00eb mitur\u00ebs Xhesika, vet\u00ebm 15 vje\u00e7 jan\u00eb gjetur t\u00eb pajet\u00eb n\u00eb sht\u00ebpin\u00eb e tyre n\u00eb zon\u00ebn e Pianna di [&hellip;]<\/p>\n","protected":false},"author":1,"featured_media":40979,"comment_status":"open","ping_status":"closed","sticky":false,"template":"","format":"standard","meta":{"footnotes":""},"categories":[32],"tags":[309,55,374,40,41],"class_list":["post-40977","post","type-post","status-publish","format-standard","has-post-thumbnail","hentry","category-te-fundit","tag-itali","tag-ngjarje","tag-shqiptaret","tag-te-fundit","tag-vdekje"],"_links":{"self":[{"href":"https:\/\/blogseyir.com\/wp\/wp-json\/wp\/v2\/posts\/40977","targetHints":{"allow":["GET"]}}],"collection":[{"href":"https:\/\/blogseyir.com\/wp\/wp-json\/wp\/v2\/posts"}],"about":[{"href":"https:\/\/blogseyir.com\/wp\/wp-json\/wp\/v2\/types\/post"}],"author":[{"embeddable":true,"href":"https:\/\/blogseyir.com\/wp\/wp-json\/wp\/v2\/users\/1"}],"replies":[{"embeddable":true,"href":"https:\/\/blogseyir.com\/wp\/wp-json\/wp\/v2\/comments?post=40977"}],"version-history":[{"count":1,"href":"https:\/\/blogseyir.com\/wp\/wp-json\/wp\/v2\/posts\/40977\/revisions"}],"predecessor-version":[{"id":40978,"href":"https:\/\/blogseyir.com\/wp\/wp-json\/wp\/v2\/posts\/40977\/revisions\/40978"}],"wp:featuredmedia":[{"embeddable":true,"href":"https:\/\/blogseyir.com\/wp\/wp-json\/wp\/v2\/media\/40979"}],"wp:attachment":[{"href":"https:\/\/blogseyir.com\/wp\/wp-json\/wp\/v2\/media?parent=40977"}],"wp:term":[{"taxonomy":"category","embeddable":true,"href":"https:\/\/blogseyir.com\/wp\/wp-json\/wp\/v2\/categories?post=40977"},{"taxonomy":"post_tag","embeddable":true,"href":"https:\/\/blogseyir.com\/wp\/wp-json\/wp\/v2\/tags?post=40977"}],"curies":[{"name":"wp","href":"https:\/\/api.w.org\/{rel}","templated":true}]}}