{"id":40905,"date":"2026-02-05T09:36:24","date_gmt":"2026-02-05T09:36:24","guid":{"rendered":"https:\/\/blogseyir.com\/wp\/?p=40905"},"modified":"2026-02-05T09:36:25","modified_gmt":"2026-02-05T09:36:25","slug":"ngjarje-tragjike-humbin-jeten-kater-anetaret-e-familjes-shqiptare-ja-cfare-u-ndodhi","status":"publish","type":"post","link":"https:\/\/blogseyir.com\/wp\/ngjarje-tragjike-humbin-jeten-kater-anetaret-e-familjes-shqiptare-ja-cfare-u-ndodhi\/","title":{"rendered":"Ngjarje tragjike! Humbin jet\u00ebn kat\u00ebr an\u00ebtar\u00ebt e familjes shqiptare, ja cfar\u00eb u ndodhi"},"content":{"rendered":"<p>Nj\u00eb ngjarje e r\u00ebnd\u00eb \u00ebsht\u00eb sh\u00ebnuar n\u00eb provinc\u00ebn e Lucc\u00ebs n\u00eb Itali, ku kat\u00ebr an\u00ebtar\u00ebt e nj\u00eb familje shqiptare humb\u00ebn jet\u00ebn si pasoj\u00eb nga helmimi me monoksid karboni n\u00eb nj\u00eb sht\u00ebpi n\u00eb Rughi.<\/p>\n<p>Mediat italiane b\u00ebjn\u00eb me dije se tragjedia ndodhi t\u00eb m\u00ebrkur\u00ebn n\u00eb mbr\u00ebmje. Viktimat jan\u00eb babai 48 vje\u00e7, n\u00ebna 43 vje\u00e7e dhe dy f\u00ebmij\u00ebt, p\u00ebrkat\u00ebsisht 22 dhe 15 vje\u00e7.<\/p>\n<p>Po ashtu b\u00ebhet me dije se nj\u00eb person i pest\u00eb, v\u00ebllai i kryefamiljarit, u d\u00ebrgua i gjall\u00eb n\u00eb Spitalin Cisanello n\u00eb Piza, ku ndodhet n\u00eb gjendje kritike.<\/p>\n<p>Gjithashtu tre oficer\u00eb t\u00eb policis\u00eb italiane q\u00eb u fut\u00ebn n\u00eb sht\u00ebpi ,mbet\u00ebn t\u00eb helmuar n\u00eb momentin q\u00eb u fut\u00ebn n\u00eb sht\u00ebpi.<\/p>\n<p>Po ashtu b\u00ebhet me dije se alarmi u dha nga nj\u00eb i af\u00ebrm pas or\u00ebs 8:00 t\u00eb mbr\u00ebmjes, i cili u p\u00ebrpoq t&#8217;i kontaktonte, por ata nuk u p\u00ebrgjigj\u00ebn. Zbulimi u b\u00eb n\u00eb mbr\u00ebmje, por ende nuk \u00ebsht\u00eb e qart\u00eb se n\u00eb \u00e7far\u00eb ore mund t\u00eb ket\u00eb ndodhur.<\/p>\n<p>N\u00eb momentin q\u00eb u fut\u00ebn brenda banes\u00ebs, forcat e rendit u p\u00ebrball\u00ebn me nj\u00eb sken\u00eb dramatike, kat\u00ebr trupa t\u00eb pajet\u00eb t\u00eb shtrir\u00eb n\u00eb dysheme.<\/p>\n<p>Pak \u00e7aste m\u00eb von\u00eb, edhe familjari i pest\u00eb humbi ndjenjat p\u00ebr shkak t\u00eb monoksidit t\u00eb karbonit, n\u00ebn syt\u00eb e karabinier\u00ebve, t\u00eb cil\u00ebt arrit\u00ebn t\u00eb dalin n\u00eb koh\u00eb nga banesa dhe t\u00eb japin alarmin.<\/p>\n<p>Ngjarja ka shkaktuar hidh\u00ebrim t\u00eb thell\u00eb tek komuniteti i zon\u00ebs. Nd\u00ebrsa ende nuk jan\u00eb b\u00ebr\u00eb publik\u00eb, emrat e kat\u00ebr familjar\u00ebve q\u00eb humb\u00ebn jet\u00ebn.<\/p>\n<div id=\"blogs-3275122057\" class=\"blogs-after-content blogs-entity-placement\"><div id=\"div-gpt-ad-1770230601260-0\" style=\"width:300px; height:600px;\"><\/div><\/div><div id=\"blogs-2308535011\" class=\"blogs-adsense-after-kontent blogs-entity-placement\"><script async src=\"https:\/\/pagead2.googlesyndication.com\/pagead\/js\/adsbygoogle.js\"\r\n     crossorigin=\"anonymous\"><\/script>\r\n<!-- Tiranaread -->\r\n<ins class=\"adsbygoogle\"\r\n     style=\"display:inline-block;width:728px;height:90px\"\r\n     data-ad-client=\"ca-pub-2355142065052501\"\r\n\t data-page-url=\"https:\/\/blogseyir.com\"\r\n     data-ad-slot=\"7464751963\"><\/ins>\r\n<script>\r\n     (adsbygoogle = window.adsbygoogle || []).push({});\r\n<\/script><\/div>","protected":false},"excerpt":{"rendered":"<p>Nj\u00eb ngjarje e r\u00ebnd\u00eb \u00ebsht\u00eb sh\u00ebnuar n\u00eb provinc\u00ebn e Lucc\u00ebs n\u00eb Itali, ku kat\u00ebr an\u00ebtar\u00ebt e nj\u00eb familje shqiptare humb\u00ebn jet\u00ebn si pasoj\u00eb nga helmimi me monoksid karboni n\u00eb nj\u00eb sht\u00ebpi n\u00eb Rughi. Mediat italiane b\u00ebjn\u00eb me dije se tragjedia ndodhi t\u00eb m\u00ebrkur\u00ebn n\u00eb mbr\u00ebmje. Viktimat jan\u00eb babai 48 vje\u00e7, n\u00ebna 43 vje\u00e7e dhe dy [&hellip;]<\/p>\n","protected":false},"author":1,"featured_media":40907,"comment_status":"open","ping_status":"closed","sticky":false,"template":"","format":"standard","meta":{"footnotes":""},"categories":[32],"tags":[126,309,40,41],"class_list":["post-40905","post","type-post","status-publish","format-standard","has-post-thumbnail","hentry","category-te-fundit","tag-familja","tag-itali","tag-te-fundit","tag-vdekje"],"_links":{"self":[{"href":"https:\/\/blogseyir.com\/wp\/wp-json\/wp\/v2\/posts\/40905","targetHints":{"allow":["GET"]}}],"collection":[{"href":"https:\/\/blogseyir.com\/wp\/wp-json\/wp\/v2\/posts"}],"about":[{"href":"https:\/\/blogseyir.com\/wp\/wp-json\/wp\/v2\/types\/post"}],"author":[{"embeddable":true,"href":"https:\/\/blogseyir.com\/wp\/wp-json\/wp\/v2\/users\/1"}],"replies":[{"embeddable":true,"href":"https:\/\/blogseyir.com\/wp\/wp-json\/wp\/v2\/comments?post=40905"}],"version-history":[{"count":1,"href":"https:\/\/blogseyir.com\/wp\/wp-json\/wp\/v2\/posts\/40905\/revisions"}],"predecessor-version":[{"id":40906,"href":"https:\/\/blogseyir.com\/wp\/wp-json\/wp\/v2\/posts\/40905\/revisions\/40906"}],"wp:featuredmedia":[{"embeddable":true,"href":"https:\/\/blogseyir.com\/wp\/wp-json\/wp\/v2\/media\/40907"}],"wp:attachment":[{"href":"https:\/\/blogseyir.com\/wp\/wp-json\/wp\/v2\/media?parent=40905"}],"wp:term":[{"taxonomy":"category","embeddable":true,"href":"https:\/\/blogseyir.com\/wp\/wp-json\/wp\/v2\/categories?post=40905"},{"taxonomy":"post_tag","embeddable":true,"href":"https:\/\/blogseyir.com\/wp\/wp-json\/wp\/v2\/tags?post=40905"}],"curies":[{"name":"wp","href":"https:\/\/api.w.org\/{rel}","templated":true}]}}