{"id":40832,"date":"2026-02-04T10:58:04","date_gmt":"2026-02-04T10:58:04","guid":{"rendered":"https:\/\/blogseyir.com\/wp\/?p=40832"},"modified":"2026-02-04T10:58:04","modified_gmt":"2026-02-04T10:58:04","slug":"ngjarje-e-rende-nxenesi-14-vjecar-gdet-me-thke-mesuesen-thuhet-se","status":"publish","type":"post","link":"https:\/\/blogseyir.com\/wp\/ngjarje-e-rende-nxenesi-14-vjecar-gdet-me-thke-mesuesen-thuhet-se\/","title":{"rendered":"Ngjarje e r\u00ebnd\u00eb! Nx\u00ebn\u00ebsi 14-vje\u00e7ar g*det me th*k\u00eb m\u00ebsuesen, thuhet se&#8230;"},"content":{"rendered":"<p>Nj\u00eb nx\u00ebn\u00ebs n\u00eb Franc\u00ebn jugore sulmoi nj\u00eb m\u00ebsuese me thik\u00eb n\u00eb nj\u00eb klas\u00eb, duke e plagosur r\u00ebnd\u00eb, than\u00eb prokuror\u00ebt sot. 14-vje\u00e7ari e goditi m\u00ebsuesen tre deri n\u00eb kat\u00ebr her\u00eb me thik\u00eb, duke i shkaktuar l\u00ebndime n\u00eb pjes\u00ebn e sip\u00ebrme t\u00eb trupit, tha prokurori i shtetit Rapha\u00ebl Balland. Incidenti ndodhi n\u00eb qytetin Sanary-sur-Mer.<\/p>\n<p>Stafi i shkoll\u00ebs e uli djalin n\u00eb oborrin e shkoll\u00ebs, pas s\u00eb cil\u00ebs ai u mor n\u00eb paraburgim nga policia. Ai po hetohet n\u00ebn dyshimin p\u00ebr tentativ\u00eb vrasjeje. Nuk ka prova p\u00ebr nj\u00eb motiv fetar ose politik n\u00eb k\u00ebt\u00eb koh\u00eb, tha Balland. Dihet vet\u00ebm se koh\u00ebt e fundit ka pasur tension me m\u00ebsuesen dhe se nx\u00ebn\u00ebsi me sa duket \u00ebsht\u00eb m\u00ebrzitur q\u00eb ajo e ka denoncuar at\u00eb.<\/p>\n<p>Adoleshenti nuk kishte pasur m\u00eb par\u00eb sjellje t\u00eb dhunshme apo aktivitet kriminal, shtoi Balland. Megjithat\u00eb, thuhet se kishte tensione brenda familjes s\u00eb tij. N\u00eb koh\u00ebn e sulmit kishte 22 nx\u00ebn\u00ebs n\u00eb klas\u00eb, por askush tjet\u00ebr nuk u l\u00ebndua.<\/p>\n<p>Ministri francez i Arsimit, \u00c9duard Geffray, njoftoi se do t\u00eb shkonte menj\u00ebher\u00eb n\u00eb vendngjarje dhe, ashtu si Ministri i Brendsh\u00ebm Laurent Nu\u00f1ez, shprehu ngush\u00ebllimet e tij p\u00ebr t\u00eb prekurit.<\/p>\n<p>Stacioni televiziv RTL raportoi se gruaja e sulmuar ishte nj\u00eb m\u00ebsuese arti 60-vje\u00e7are. Ajo u shtrua n\u00eb spital me l\u00ebndime k\u00ebrc\u00ebnuese p\u00ebr jet\u00ebn.<\/p>\n<p>Sipas Le Parisien, 14-vje\u00e7arja fillimisht e k\u00ebrc\u00ebnoi m\u00ebsuesen p\u00ebrpara se ta godiste dy her\u00eb n\u00eb stomak dhe nj\u00eb her\u00eb n\u00eb krah. Franca futi kontrollet e \u00e7antave n\u00eb hyrjet e shkollave rreth nj\u00eb vit m\u00eb par\u00eb pas nj\u00eb serie sulmesh me thik\u00eb brenda dhe p\u00ebrreth shkollave.<\/p>\n<div id=\"blogs-1092818862\" class=\"blogs-after-content blogs-entity-placement\"><div id=\"div-gpt-ad-1770230601260-0\" style=\"width:300px; height:600px;\"><\/div><\/div><div id=\"blogs-4245034389\" class=\"blogs-adsense-after-kontent blogs-entity-placement\"><script async src=\"https:\/\/pagead2.googlesyndication.com\/pagead\/js\/adsbygoogle.js\"\r\n     crossorigin=\"anonymous\"><\/script>\r\n<!-- Tiranaread -->\r\n<ins class=\"adsbygoogle\"\r\n     style=\"display:inline-block;width:728px;height:90px\"\r\n     data-ad-client=\"ca-pub-2355142065052501\"\r\n\t data-page-url=\"https:\/\/blogseyir.com\"\r\n     data-ad-slot=\"7464751963\"><\/ins>\r\n<script>\r\n     (adsbygoogle = window.adsbygoogle || []).push({});\r\n<\/script><\/div>","protected":false},"excerpt":{"rendered":"<p>Nj\u00eb nx\u00ebn\u00ebs n\u00eb Franc\u00ebn jugore sulmoi nj\u00eb m\u00ebsuese me thik\u00eb n\u00eb nj\u00eb klas\u00eb, duke e plagosur r\u00ebnd\u00eb, than\u00eb prokuror\u00ebt sot. 14-vje\u00e7ari e goditi m\u00ebsuesen tre deri n\u00eb kat\u00ebr her\u00eb me thik\u00eb, duke i shkaktuar l\u00ebndime n\u00eb pjes\u00ebn e sip\u00ebrme t\u00eb trupit, tha prokurori i shtetit Rapha\u00ebl Balland. Incidenti ndodhi n\u00eb qytetin Sanary-sur-Mer. Stafi i shkoll\u00ebs [&hellip;]<\/p>\n","protected":false},"author":1,"featured_media":40834,"comment_status":"open","ping_status":"closed","sticky":false,"template":"","format":"standard","meta":{"footnotes":""},"categories":[32],"tags":[1247,2044,2376,40],"class_list":["post-40832","post","type-post","status-publish","format-standard","has-post-thumbnail","hentry","category-te-fundit","tag-france","tag-mesuesi","tag-nxenesi","tag-te-fundit"],"_links":{"self":[{"href":"https:\/\/blogseyir.com\/wp\/wp-json\/wp\/v2\/posts\/40832","targetHints":{"allow":["GET"]}}],"collection":[{"href":"https:\/\/blogseyir.com\/wp\/wp-json\/wp\/v2\/posts"}],"about":[{"href":"https:\/\/blogseyir.com\/wp\/wp-json\/wp\/v2\/types\/post"}],"author":[{"embeddable":true,"href":"https:\/\/blogseyir.com\/wp\/wp-json\/wp\/v2\/users\/1"}],"replies":[{"embeddable":true,"href":"https:\/\/blogseyir.com\/wp\/wp-json\/wp\/v2\/comments?post=40832"}],"version-history":[{"count":1,"href":"https:\/\/blogseyir.com\/wp\/wp-json\/wp\/v2\/posts\/40832\/revisions"}],"predecessor-version":[{"id":40833,"href":"https:\/\/blogseyir.com\/wp\/wp-json\/wp\/v2\/posts\/40832\/revisions\/40833"}],"wp:featuredmedia":[{"embeddable":true,"href":"https:\/\/blogseyir.com\/wp\/wp-json\/wp\/v2\/media\/40834"}],"wp:attachment":[{"href":"https:\/\/blogseyir.com\/wp\/wp-json\/wp\/v2\/media?parent=40832"}],"wp:term":[{"taxonomy":"category","embeddable":true,"href":"https:\/\/blogseyir.com\/wp\/wp-json\/wp\/v2\/categories?post=40832"},{"taxonomy":"post_tag","embeddable":true,"href":"https:\/\/blogseyir.com\/wp\/wp-json\/wp\/v2\/tags?post=40832"}],"curies":[{"name":"wp","href":"https:\/\/api.w.org\/{rel}","templated":true}]}}