{"id":40209,"date":"2026-01-25T20:59:15","date_gmt":"2026-01-25T20:59:15","guid":{"rendered":"https:\/\/blogseyir.com\/wp\/?p=40209"},"modified":"2026-01-25T20:59:15","modified_gmt":"2026-01-25T20:59:15","slug":"brikena-e-lidhur-jashte-shtepise-se-big-brother-vip-aulona-musta-ka-frike-sepse","status":"publish","type":"post","link":"https:\/\/blogseyir.com\/wp\/brikena-e-lidhur-jashte-shtepise-se-big-brother-vip-aulona-musta-ka-frike-sepse\/","title":{"rendered":"Brikena e lidhur jasht\u00eb sht\u00ebpis\u00eb s\u00eb &#8220;Big Brother Vip&#8221;?! Aulona Musta: Ka frik\u00eb sepse&#8230;"},"content":{"rendered":"<p>Aulona Musta ishte e ftuar n\u00eb \u201cFan Club\u201d, ku komentoi raportin mes Briken\u00ebs dhe Mateos.<\/p>\n<p>Sipas saj, duket qartazi q\u00eb Mateo ka p\u00eblqim ndaj Briken\u00ebs, nd\u00ebrsa p\u00ebr k\u00ebt\u00eb t\u00eb fundit hodhi dyshimin se ka nj\u00eb histori jasht\u00eb.<\/p>\n<p>\u201cUn\u00eb personalisht mendoj se pavar\u00ebsisht d\u00ebshir\u00ebs s\u00eb publikut, faktit q\u00eb jan\u00eb t\u00eb bukur, un\u00eb mendoj q\u00eb nga ana e Briken\u00ebs nuk ka interes dhe p\u00eblqim.<\/p>\n<p>Nga ana e Mateos po, mbase i \u00ebsht\u00eb rindezur nj\u00eb shk\u00ebndij\u00eb q\u00eb ka qen\u00eb e fikur brenda k\u00ebtyre viteve.<\/p>\n<p>Po b\u00ebhet gati nj\u00eb muaj q\u00eb jan\u00eb gati n\u00eb sht\u00ebpi dhe duket q\u00eb Brikena \u00ebsht\u00eb shum\u00eb e prer\u00eb.<\/p>\n<p>Pas asaj q\u00eb pa mbr\u00ebm\u00eb, ajo duket sikur ka nj\u00eb lloj zhg\u00ebnjimi q\u00eb Mateo ka nxjerr\u00eb shum\u00eb detaje.<\/p>\n<p>Brikena mund t\u00eb ket\u00eb nj\u00eb histori jasht\u00eb q\u00eb mund t\u00eb ket\u00eb frik\u00eb, trembet. Edhe vet\u00eb Briken\u00ebn e kemi par\u00eb q\u00eb \u00ebsht\u00eb liberale.<\/p>\n<p>Si personazh ka ngritur shum\u00eb pik\u00ebpyetje. N\u00eb fillim tha \u2018skam pasur asnj\u00ebher\u00eb t\u00eb dashur\u2019, m\u00eb pas tha \u2018kam puthuar m\u00eb par\u00eb\u2019.<\/p>\n<p>Pse po e b\u00ebn k\u00ebt\u00eb\u2026 mendoj se p\u00ebr faktin q\u00eb \u00ebsht\u00eb paragjykuar donte ti ndryshonte mendjen publikut shqiptar, duke e ditur q\u00eb pika e dob\u00ebt \u00ebsht\u00eb nderi, q\u00eb gatuan p\u00ebr vjehrr\u00ebn, nuk flirton.<\/p>\n<p>E h\u00ebngri publiku, n\u00eb BBV \u00ebsht\u00eb e pamundur t\u00eb g\u00ebnjesh p\u00ebr shum\u00eb gjat\u00eb. Pavar\u00ebsisht se ka gj\u00ebra pozitive k\u00ebt\u00eb kart\u00eb q\u00eb u fut n\u00eb fillim, s\u2019duhet ta kishte luajtur\u201d\u2013 tha ajo. \/ Top Channel<\/p>\n<p><iframe loading=\"lazy\" title=\"Aulona plas t\u00eb v\u00ebrtet\u00ebn: Brikena ka nj\u00eb histori jasht\u00eb, prandaj ajo ka frik\u00eb\u2026 - Fan Club\" width=\"500\" height=\"281\" src=\"https:\/\/www.youtube.com\/embed\/MfR3Cwtz2d4?feature=oembed\" frameborder=\"0\" allow=\"accelerometer; autoplay; clipboard-write; encrypted-media; gyroscope; picture-in-picture; web-share\" referrerpolicy=\"strict-origin-when-cross-origin\" allowfullscreen><\/iframe><\/p>\n<div id=\"blogs-504869908\" class=\"blogs-after-content blogs-entity-placement\"><div id=\"div-gpt-ad-1770230601260-0\" style=\"width:300px; height:600px;\"><\/div><\/div><div id=\"blogs-2416355044\" class=\"blogs-adsense-after-kontent blogs-entity-placement\"><script async src=\"https:\/\/pagead2.googlesyndication.com\/pagead\/js\/adsbygoogle.js\"\r\n     crossorigin=\"anonymous\"><\/script>\r\n<!-- Tiranaread -->\r\n<ins class=\"adsbygoogle\"\r\n     style=\"display:inline-block;width:728px;height:90px\"\r\n     data-ad-client=\"ca-pub-2355142065052501\"\r\n\t data-page-url=\"https:\/\/blogseyir.com\"\r\n     data-ad-slot=\"7464751963\"><\/ins>\r\n<script>\r\n     (adsbygoogle = window.adsbygoogle || []).push({});\r\n<\/script><\/div>","protected":false},"excerpt":{"rendered":"<p>Aulona Musta ishte e ftuar n\u00eb \u201cFan Club\u201d, ku komentoi raportin mes Briken\u00ebs dhe Mateos. Sipas saj, duket qartazi q\u00eb Mateo ka p\u00eblqim ndaj Briken\u00ebs, nd\u00ebrsa p\u00ebr k\u00ebt\u00eb t\u00eb fundit hodhi dyshimin se ka nj\u00eb histori jasht\u00eb. \u201cUn\u00eb personalisht mendoj se pavar\u00ebsisht d\u00ebshir\u00ebs s\u00eb publikut, faktit q\u00eb jan\u00eb t\u00eb bukur, un\u00eb mendoj q\u00eb nga ana [&hellip;]<\/p>\n","protected":false},"author":1,"featured_media":40211,"comment_status":"open","ping_status":"closed","sticky":false,"template":"","format":"standard","meta":{"footnotes":""},"categories":[33],"tags":[1169,877,2260],"class_list":["post-40209","post","type-post","status-publish","format-standard","has-post-thumbnail","hentry","category-showbizi","tag-aulona-musta","tag-bbv5","tag-brikena"],"_links":{"self":[{"href":"https:\/\/blogseyir.com\/wp\/wp-json\/wp\/v2\/posts\/40209","targetHints":{"allow":["GET"]}}],"collection":[{"href":"https:\/\/blogseyir.com\/wp\/wp-json\/wp\/v2\/posts"}],"about":[{"href":"https:\/\/blogseyir.com\/wp\/wp-json\/wp\/v2\/types\/post"}],"author":[{"embeddable":true,"href":"https:\/\/blogseyir.com\/wp\/wp-json\/wp\/v2\/users\/1"}],"replies":[{"embeddable":true,"href":"https:\/\/blogseyir.com\/wp\/wp-json\/wp\/v2\/comments?post=40209"}],"version-history":[{"count":1,"href":"https:\/\/blogseyir.com\/wp\/wp-json\/wp\/v2\/posts\/40209\/revisions"}],"predecessor-version":[{"id":40210,"href":"https:\/\/blogseyir.com\/wp\/wp-json\/wp\/v2\/posts\/40209\/revisions\/40210"}],"wp:featuredmedia":[{"embeddable":true,"href":"https:\/\/blogseyir.com\/wp\/wp-json\/wp\/v2\/media\/40211"}],"wp:attachment":[{"href":"https:\/\/blogseyir.com\/wp\/wp-json\/wp\/v2\/media?parent=40209"}],"wp:term":[{"taxonomy":"category","embeddable":true,"href":"https:\/\/blogseyir.com\/wp\/wp-json\/wp\/v2\/categories?post=40209"},{"taxonomy":"post_tag","embeddable":true,"href":"https:\/\/blogseyir.com\/wp\/wp-json\/wp\/v2\/tags?post=40209"}],"curies":[{"name":"wp","href":"https:\/\/api.w.org\/{rel}","templated":true}]}}