{"id":40185,"date":"2026-01-25T17:01:17","date_gmt":"2026-01-25T17:01:17","guid":{"rendered":"https:\/\/blogseyir.com\/wp\/?p=40185"},"modified":"2026-01-25T17:01:17","modified_gmt":"2026-01-25T17:01:17","slug":"tragjedi-ne-vend-humbi-kontrrollin-e-motorit-aksidenti-i-merr-jeten-35-vjecarit","status":"publish","type":"post","link":"https:\/\/blogseyir.com\/wp\/tragjedi-ne-vend-humbi-kontrrollin-e-motorit-aksidenti-i-merr-jeten-35-vjecarit\/","title":{"rendered":"Tragjedi n\u00eb vend! Humbi kontrrollin e motorit, aksidenti i merr jet\u00ebn 35 vjecarit"},"content":{"rendered":"<p>Nj\u00eb aksident i r\u00ebnd\u00eb \u00ebsht\u00eb sh\u00ebnuar n\u00eb aksin Fier-Libofsh\u00eb, pran\u00eb fshatit Agim.<\/p>\n<p>Si pasj\u00eb e aksidentit m\u00ebsohet se nj\u00eb 35-vje\u00e7ar i cili ishte duke udh\u00ebtuar me motor ka humbur kontrollin e mjetit e ka dal\u00eb nga rruga ku p\u00ebr pasoj\u00eb ka marr\u00eb l\u00ebndime t\u00eb shumta.<\/p>\n<p>Ai \u00ebsht\u00eb transportuar me urgjenc\u00eb drejt spitalit Rajonal Fier, por nuk ka mundur tu mbijetoj\u00eb plag\u00ebve t\u00eb marra duke nd\u00ebrruar jet\u00eb rrug\u00ebs p\u00ebr n\u00eb spital.<\/p>\n<p>N\u00eb vendngjarje kan\u00eb shkuar menj\u00ebher\u00eb sh\u00ebrbimet e policis\u00eb dhe grupi hetimor t\u00eb cil\u00ebt po punojn\u00eb p\u00ebr p\u00ebrcaktimin e shkaqeve t\u00eb k\u00ebtij aksidenti.<\/p>\n<p>&nbsp;<\/p>\n<div id=\"blogs-2338269302\" class=\"blogs-after-content blogs-entity-placement\"><div id=\"div-gpt-ad-1770230601260-0\" style=\"width:300px; height:600px;\"><\/div><\/div><div id=\"blogs-1223802778\" class=\"blogs-adsense-after-kontent blogs-entity-placement\"><script async src=\"https:\/\/pagead2.googlesyndication.com\/pagead\/js\/adsbygoogle.js\"\r\n     crossorigin=\"anonymous\"><\/script>\r\n<!-- Tiranaread -->\r\n<ins class=\"adsbygoogle\"\r\n     style=\"display:inline-block;width:728px;height:90px\"\r\n     data-ad-client=\"ca-pub-2355142065052501\"\r\n\t data-page-url=\"https:\/\/blogseyir.com\"\r\n     data-ad-slot=\"7464751963\"><\/ins>\r\n<script>\r\n     (adsbygoogle = window.adsbygoogle || []).push({});\r\n<\/script><\/div>","protected":false},"excerpt":{"rendered":"<p>Nj\u00eb aksident i r\u00ebnd\u00eb \u00ebsht\u00eb sh\u00ebnuar n\u00eb aksin Fier-Libofsh\u00eb, pran\u00eb fshatit Agim. Si pasj\u00eb e aksidentit m\u00ebsohet se nj\u00eb 35-vje\u00e7ar i cili ishte duke udh\u00ebtuar me motor ka humbur kontrollin e mjetit e ka dal\u00eb nga rruga ku p\u00ebr pasoj\u00eb ka marr\u00eb l\u00ebndime t\u00eb shumta. Ai \u00ebsht\u00eb transportuar me urgjenc\u00eb drejt spitalit Rajonal Fier, por [&hellip;]<\/p>\n","protected":false},"author":1,"featured_media":40187,"comment_status":"open","ping_status":"closed","sticky":false,"template":"","format":"standard","meta":{"footnotes":""},"categories":[32],"tags":[183,511,40,41],"class_list":["post-40185","post","type-post","status-publish","format-standard","has-post-thumbnail","hentry","category-te-fundit","tag-aksident","tag-fier","tag-te-fundit","tag-vdekje"],"_links":{"self":[{"href":"https:\/\/blogseyir.com\/wp\/wp-json\/wp\/v2\/posts\/40185","targetHints":{"allow":["GET"]}}],"collection":[{"href":"https:\/\/blogseyir.com\/wp\/wp-json\/wp\/v2\/posts"}],"about":[{"href":"https:\/\/blogseyir.com\/wp\/wp-json\/wp\/v2\/types\/post"}],"author":[{"embeddable":true,"href":"https:\/\/blogseyir.com\/wp\/wp-json\/wp\/v2\/users\/1"}],"replies":[{"embeddable":true,"href":"https:\/\/blogseyir.com\/wp\/wp-json\/wp\/v2\/comments?post=40185"}],"version-history":[{"count":1,"href":"https:\/\/blogseyir.com\/wp\/wp-json\/wp\/v2\/posts\/40185\/revisions"}],"predecessor-version":[{"id":40186,"href":"https:\/\/blogseyir.com\/wp\/wp-json\/wp\/v2\/posts\/40185\/revisions\/40186"}],"wp:featuredmedia":[{"embeddable":true,"href":"https:\/\/blogseyir.com\/wp\/wp-json\/wp\/v2\/media\/40187"}],"wp:attachment":[{"href":"https:\/\/blogseyir.com\/wp\/wp-json\/wp\/v2\/media?parent=40185"}],"wp:term":[{"taxonomy":"category","embeddable":true,"href":"https:\/\/blogseyir.com\/wp\/wp-json\/wp\/v2\/categories?post=40185"},{"taxonomy":"post_tag","embeddable":true,"href":"https:\/\/blogseyir.com\/wp\/wp-json\/wp\/v2\/tags?post=40185"}],"curies":[{"name":"wp","href":"https:\/\/api.w.org\/{rel}","templated":true}]}}