{"id":40050,"date":"2026-01-22T18:09:50","date_gmt":"2026-01-22T18:09:50","guid":{"rendered":"https:\/\/blogseyir.com\/wp\/?p=40050"},"modified":"2026-01-22T18:09:50","modified_gmt":"2026-01-22T18:09:50","slug":"nuk-me-plas-tapi-se-ka-kamera-keijsi-shan-stelinen-bravo-te-qsha-robt","status":"publish","type":"post","link":"https:\/\/blogseyir.com\/wp\/nuk-me-plas-tapi-se-ka-kamera-keijsi-shan-stelinen-bravo-te-qsha-robt\/","title":{"rendered":"\u201cNuk m\u00eb plas tapi se ka kamera\u201d, Keijsi shan Stelin\u00ebn: Bravo, t\u00eb q*sha robt\u2026"},"content":{"rendered":"<p>Nj\u00eb video \u00ebsht\u00eb publikuar n\u00eb Instagram-in e Stelin\u00ebs,<\/p>\n<p>ku shihet Keijsi i cili shan me fjal\u00eb ofenduese banoren.<\/p>\n<p>Keijsi: Bravo Stelina. Bravo! T\u00eb q**sha robt!<\/p>\n<p>Ina: O Keijsi fol\u00eb mir\u00eb mo, \u00e7far\u00eb po thua.<\/p>\n<p>Keijsi: M\u00eb ler rehat se nuk m\u00eb plas trapi se ka kamera a e kupton\u2026<\/p>\n<p><iframe loading=\"lazy\" title=\"Tq*fsha Robt : Keijsi shan Stelinen #luizejlli #bigbrotheralbania\" width=\"500\" height=\"281\" src=\"https:\/\/www.youtube.com\/embed\/kUL5n7V4y8o?feature=oembed\" frameborder=\"0\" allow=\"accelerometer; autoplay; clipboard-write; encrypted-media; gyroscope; picture-in-picture; web-share\" referrerpolicy=\"strict-origin-when-cross-origin\" allowfullscreen><\/iframe><\/p>\n<div id=\"blogs-1724941703\" class=\"blogs-after-content blogs-entity-placement\"><div id=\"div-gpt-ad-1770230601260-0\" style=\"width:300px; height:600px;\"><\/div><\/div><div id=\"blogs-1439451221\" class=\"blogs-adsense-after-kontent blogs-entity-placement\"><script async src=\"https:\/\/pagead2.googlesyndication.com\/pagead\/js\/adsbygoogle.js\"\r\n     crossorigin=\"anonymous\"><\/script>\r\n<!-- Tiranaread -->\r\n<ins class=\"adsbygoogle\"\r\n     style=\"display:inline-block;width:728px;height:90px\"\r\n     data-ad-client=\"ca-pub-2355142065052501\"\r\n\t data-page-url=\"https:\/\/blogseyir.com\"\r\n     data-ad-slot=\"7464751963\"><\/ins>\r\n<script>\r\n     (adsbygoogle = window.adsbygoogle || []).push({});\r\n<\/script><\/div>","protected":false},"excerpt":{"rendered":"<p>Nj\u00eb video \u00ebsht\u00eb publikuar n\u00eb Instagram-in e Stelin\u00ebs, ku shihet Keijsi i cili shan me fjal\u00eb ofenduese banoren. Keijsi: Bravo Stelina. Bravo! T\u00eb q**sha robt! Ina: O Keijsi fol\u00eb mir\u00eb mo, \u00e7far\u00eb po thua. Keijsi: M\u00eb ler rehat se nuk m\u00eb plas trapi se ka kamera a e kupton\u2026<\/p>\n","protected":false},"author":1,"featured_media":40052,"comment_status":"open","ping_status":"closed","sticky":false,"template":"","format":"standard","meta":{"footnotes":""},"categories":[33],"tags":[2249,2278],"class_list":["post-40050","post","type-post","status-publish","format-standard","has-post-thumbnail","hentry","category-showbizi","tag-kejsi","tag-stelina"],"_links":{"self":[{"href":"https:\/\/blogseyir.com\/wp\/wp-json\/wp\/v2\/posts\/40050","targetHints":{"allow":["GET"]}}],"collection":[{"href":"https:\/\/blogseyir.com\/wp\/wp-json\/wp\/v2\/posts"}],"about":[{"href":"https:\/\/blogseyir.com\/wp\/wp-json\/wp\/v2\/types\/post"}],"author":[{"embeddable":true,"href":"https:\/\/blogseyir.com\/wp\/wp-json\/wp\/v2\/users\/1"}],"replies":[{"embeddable":true,"href":"https:\/\/blogseyir.com\/wp\/wp-json\/wp\/v2\/comments?post=40050"}],"version-history":[{"count":1,"href":"https:\/\/blogseyir.com\/wp\/wp-json\/wp\/v2\/posts\/40050\/revisions"}],"predecessor-version":[{"id":40051,"href":"https:\/\/blogseyir.com\/wp\/wp-json\/wp\/v2\/posts\/40050\/revisions\/40051"}],"wp:featuredmedia":[{"embeddable":true,"href":"https:\/\/blogseyir.com\/wp\/wp-json\/wp\/v2\/media\/40052"}],"wp:attachment":[{"href":"https:\/\/blogseyir.com\/wp\/wp-json\/wp\/v2\/media?parent=40050"}],"wp:term":[{"taxonomy":"category","embeddable":true,"href":"https:\/\/blogseyir.com\/wp\/wp-json\/wp\/v2\/categories?post=40050"},{"taxonomy":"post_tag","embeddable":true,"href":"https:\/\/blogseyir.com\/wp\/wp-json\/wp\/v2\/tags?post=40050"}],"curies":[{"name":"wp","href":"https:\/\/api.w.org\/{rel}","templated":true}]}}