{"id":39843,"date":"2026-01-19T20:17:10","date_gmt":"2026-01-19T20:17:10","guid":{"rendered":"https:\/\/blogseyir.com\/wp\/?p=39843"},"modified":"2026-01-19T20:17:10","modified_gmt":"2026-01-19T20:17:10","slug":"temperatura-zbresin-ne-9-i-ftohti-i-acarte-mberthen-vendin-ja-cfare-pritet-te-ndodh-neser","status":"publish","type":"post","link":"https:\/\/blogseyir.com\/wp\/temperatura-zbresin-ne-9-i-ftohti-i-acarte-mberthen-vendin-ja-cfare-pritet-te-ndodh-neser\/","title":{"rendered":"Temperatura zbresin n\u00eb -9, i ftohti i acart\u00eb mb\u00ebrthen vendin! Ja cfar\u00eb pritet t\u00eb ndodh nes\u00ebr"},"content":{"rendered":"<p>P\u00ebr dit\u00ebn e mart\u00eb vendi yn\u00eb do t\u00eb ndikohet nga kushte atmosferike relativisht t\u00eb paq\u00ebndrueshme. Moti parashikohet me kthjellime dhe shtim gradual t\u00eb vran\u00ebsirave deri t\u00eb dendura.<\/p>\n<p>Reshjet e shiut pritet t\u00eb b\u00ebhen prezente n\u00eb or\u00ebt e mbr\u00ebmjes, fillimisht n\u00eb jug e gradualisht do t\u00eb shtrihen edhe n\u00eb pjes\u00ebn tjet\u00ebr t\u00eb vendit.<\/p>\n<p>N\u00eb juglindje n\u00eb lart\u00ebsit\u00eb mbi 600-700 met\u00ebr dhe n\u00eb relievet malore n\u00eb lindje n\u00eb lart\u00ebsit\u00eb mbi 800-900 met\u00ebr reshje d\u00ebbore me intensitet t\u00eb ul\u00ebt.<\/p>\n<p>Temperaturat do t\u00eb p\u00ebsojn\u00eb ulje n\u00eb t\u00eb dyja vlerat, ato maksimale do t\u00eb arrijn\u00eb deri n\u00eb 10 grad\u00eb celcius, nd\u00ebrsa ato minimale do t\u00eb zbresin deri n\u00eb -9 grad\u00eb celcius.<\/p>\n<p>Temperaturat m\u00eb t\u00eb ul\u00ebta pritet t\u00eb regjistrohen n\u00eb zon\u00ebn e Bajram Currit dhe t\u00eb Peshkopis\u00eb.<\/p>\n<p>Era do t\u00eb fryj\u00eb me drejtim verilindje\u2013lindje, me shpejt\u00ebsi mesatare 9 m\/s, p\u00ebrgjat\u00eb vij\u00ebs bregdetare dhe zonat luginore era me shpejt\u00ebsi deri n\u00eb 20 m\/s.<\/p>\n<p>Val\u00ebzimi n\u00eb detet Jon dhe Adriatik forc\u00ebs 3-4 ball\u00eb.<\/p>\n<p><img loading=\"lazy\" decoding=\"async\" class=\"alignnone size-full wp-image-3446\" src=\"https:\/\/post.gazetatirana.com\/wp-content\/uploads\/2026\/01\/image-372.webp\" alt=\"\" width=\"542\" height=\"499\" \/><\/p>\n<div id=\"blogs-2550063609\" class=\"blogs-after-content blogs-entity-placement\"><div id=\"div-gpt-ad-1770230601260-0\" style=\"width:300px; height:600px;\"><\/div><\/div><div id=\"blogs-3051777472\" class=\"blogs-adsense-after-kontent blogs-entity-placement\"><script async src=\"https:\/\/pagead2.googlesyndication.com\/pagead\/js\/adsbygoogle.js\"\r\n     crossorigin=\"anonymous\"><\/script>\r\n<!-- Tiranaread -->\r\n<ins class=\"adsbygoogle\"\r\n     style=\"display:inline-block;width:728px;height:90px\"\r\n     data-ad-client=\"ca-pub-2355142065052501\"\r\n\t data-page-url=\"https:\/\/blogseyir.com\"\r\n     data-ad-slot=\"7464751963\"><\/ins>\r\n<script>\r\n     (adsbygoogle = window.adsbygoogle || []).push({});\r\n<\/script><\/div>","protected":false},"excerpt":{"rendered":"<p>P\u00ebr dit\u00ebn e mart\u00eb vendi yn\u00eb do t\u00eb ndikohet nga kushte atmosferike relativisht t\u00eb paq\u00ebndrueshme. Moti parashikohet me kthjellime dhe shtim gradual t\u00eb vran\u00ebsirave deri t\u00eb dendura. Reshjet e shiut pritet t\u00eb b\u00ebhen prezente n\u00eb or\u00ebt e mbr\u00ebmjes, fillimisht n\u00eb jug e gradualisht do t\u00eb shtrihen edhe n\u00eb pjes\u00ebn tjet\u00ebr t\u00eb vendit. N\u00eb juglindje n\u00eb [&hellip;]<\/p>\n","protected":false},"author":1,"featured_media":39845,"comment_status":"open","ping_status":"closed","sticky":false,"template":"","format":"standard","meta":{"footnotes":""},"categories":[32],"tags":[2312,39,147],"class_list":["post-39843","post","type-post","status-publish","format-standard","has-post-thumbnail","hentry","category-te-fundit","tag-ftote","tag-moti","tag-shqiperi"],"_links":{"self":[{"href":"https:\/\/blogseyir.com\/wp\/wp-json\/wp\/v2\/posts\/39843","targetHints":{"allow":["GET"]}}],"collection":[{"href":"https:\/\/blogseyir.com\/wp\/wp-json\/wp\/v2\/posts"}],"about":[{"href":"https:\/\/blogseyir.com\/wp\/wp-json\/wp\/v2\/types\/post"}],"author":[{"embeddable":true,"href":"https:\/\/blogseyir.com\/wp\/wp-json\/wp\/v2\/users\/1"}],"replies":[{"embeddable":true,"href":"https:\/\/blogseyir.com\/wp\/wp-json\/wp\/v2\/comments?post=39843"}],"version-history":[{"count":1,"href":"https:\/\/blogseyir.com\/wp\/wp-json\/wp\/v2\/posts\/39843\/revisions"}],"predecessor-version":[{"id":39844,"href":"https:\/\/blogseyir.com\/wp\/wp-json\/wp\/v2\/posts\/39843\/revisions\/39844"}],"wp:featuredmedia":[{"embeddable":true,"href":"https:\/\/blogseyir.com\/wp\/wp-json\/wp\/v2\/media\/39845"}],"wp:attachment":[{"href":"https:\/\/blogseyir.com\/wp\/wp-json\/wp\/v2\/media?parent=39843"}],"wp:term":[{"taxonomy":"category","embeddable":true,"href":"https:\/\/blogseyir.com\/wp\/wp-json\/wp\/v2\/categories?post=39843"},{"taxonomy":"post_tag","embeddable":true,"href":"https:\/\/blogseyir.com\/wp\/wp-json\/wp\/v2\/tags?post=39843"}],"curies":[{"name":"wp","href":"https:\/\/api.w.org\/{rel}","templated":true}]}}