{"id":39789,"date":"2026-01-19T10:40:58","date_gmt":"2026-01-19T10:40:58","guid":{"rendered":"https:\/\/blogseyir.com\/wp\/?p=39789"},"modified":"2026-01-19T10:40:58","modified_gmt":"2026-01-19T10:40:58","slug":"ngjarje-targjike-humb-jeten-16-vjecarja-ne-vend-dyshohet-se-pesoi","status":"publish","type":"post","link":"https:\/\/blogseyir.com\/wp\/ngjarje-targjike-humb-jeten-16-vjecarja-ne-vend-dyshohet-se-pesoi\/","title":{"rendered":"Ngjarje targjike! Humb jet\u00ebn 16 vjecarja n\u00eb vend, dyshohet se p\u00ebsoi&#8230;"},"content":{"rendered":"<p>Nj\u00eb ngjarje trondit\u00ebse ka ndodhur n\u00eb qytetin e Shkodr\u00ebs ku nj\u00eb 16-vje\u00e7are ka humbur jet\u00ebn tragjikisht.<\/p>\n<p>Sipas informacioneve zyrtare t\u00eb b\u00ebra me dije nga Policia e kryeqendr\u00ebs<\/p>\n<p>s\u00eb veriut dyshohet se adoleshentja ka humbur jet\u00ebn si pasoj\u00eb e nj\u00eb arresti kardiorespirator.<\/p>\n<p>Grupi hetimor po kryen veprimet n\u00eb drejtimin e Prokuroris\u00eb, p\u00ebr t\u00eb p\u00ebrcaktuar shkakun e humbjes s\u00eb jet\u00ebs.<\/p>\n<div id=\"blogs-4169960999\" class=\"blogs-after-content blogs-entity-placement\"><div id=\"div-gpt-ad-1770230601260-0\" style=\"width:300px; height:600px;\"><\/div><\/div><div id=\"blogs-3358083319\" class=\"blogs-adsense-after-kontent blogs-entity-placement\"><script async src=\"https:\/\/pagead2.googlesyndication.com\/pagead\/js\/adsbygoogle.js\"\r\n     crossorigin=\"anonymous\"><\/script>\r\n<!-- Tiranaread -->\r\n<ins class=\"adsbygoogle\"\r\n     style=\"display:inline-block;width:728px;height:90px\"\r\n     data-ad-client=\"ca-pub-2355142065052501\"\r\n\t data-page-url=\"https:\/\/blogseyir.com\"\r\n     data-ad-slot=\"7464751963\"><\/ins>\r\n<script>\r\n     (adsbygoogle = window.adsbygoogle || []).push({});\r\n<\/script><\/div>","protected":false},"excerpt":{"rendered":"<p>Nj\u00eb ngjarje trondit\u00ebse ka ndodhur n\u00eb qytetin e Shkodr\u00ebs ku nj\u00eb 16-vje\u00e7are ka humbur jet\u00ebn tragjikisht. Sipas informacioneve zyrtare t\u00eb b\u00ebra me dije nga Policia e kryeqendr\u00ebs s\u00eb veriut dyshohet se adoleshentja ka humbur jet\u00ebn si pasoj\u00eb e nj\u00eb arresti kardiorespirator. Grupi hetimor po kryen veprimet n\u00eb drejtimin e Prokuroris\u00eb, p\u00ebr t\u00eb p\u00ebrcaktuar shkakun e [&hellip;]<\/p>\n","protected":false},"author":1,"featured_media":39791,"comment_status":"open","ping_status":"closed","sticky":false,"template":"","format":"standard","meta":{"footnotes":""},"categories":[32],"tags":[55,333,40],"class_list":["post-39789","post","type-post","status-publish","format-standard","has-post-thumbnail","hentry","category-te-fundit","tag-ngjarje","tag-shkoder","tag-te-fundit"],"_links":{"self":[{"href":"https:\/\/blogseyir.com\/wp\/wp-json\/wp\/v2\/posts\/39789","targetHints":{"allow":["GET"]}}],"collection":[{"href":"https:\/\/blogseyir.com\/wp\/wp-json\/wp\/v2\/posts"}],"about":[{"href":"https:\/\/blogseyir.com\/wp\/wp-json\/wp\/v2\/types\/post"}],"author":[{"embeddable":true,"href":"https:\/\/blogseyir.com\/wp\/wp-json\/wp\/v2\/users\/1"}],"replies":[{"embeddable":true,"href":"https:\/\/blogseyir.com\/wp\/wp-json\/wp\/v2\/comments?post=39789"}],"version-history":[{"count":1,"href":"https:\/\/blogseyir.com\/wp\/wp-json\/wp\/v2\/posts\/39789\/revisions"}],"predecessor-version":[{"id":39790,"href":"https:\/\/blogseyir.com\/wp\/wp-json\/wp\/v2\/posts\/39789\/revisions\/39790"}],"wp:featuredmedia":[{"embeddable":true,"href":"https:\/\/blogseyir.com\/wp\/wp-json\/wp\/v2\/media\/39791"}],"wp:attachment":[{"href":"https:\/\/blogseyir.com\/wp\/wp-json\/wp\/v2\/media?parent=39789"}],"wp:term":[{"taxonomy":"category","embeddable":true,"href":"https:\/\/blogseyir.com\/wp\/wp-json\/wp\/v2\/categories?post=39789"},{"taxonomy":"post_tag","embeddable":true,"href":"https:\/\/blogseyir.com\/wp\/wp-json\/wp\/v2\/tags?post=39789"}],"curies":[{"name":"wp","href":"https:\/\/api.w.org\/{rel}","templated":true}]}}