{"id":39750,"date":"2026-01-18T13:37:58","date_gmt":"2026-01-18T13:37:58","guid":{"rendered":"https:\/\/blogseyir.com\/wp\/?p=39750"},"modified":"2026-01-18T13:37:59","modified_gmt":"2026-01-18T13:37:59","slug":"i-thashe-do-marr-valixhet-do-iki-bashkeshortja-e-erikut-sqaron-per-here-te-pare-si-eshte-marredhenia-mes-tyre-nuk-isha-dakord","status":"publish","type":"post","link":"https:\/\/blogseyir.com\/wp\/i-thashe-do-marr-valixhet-do-iki-bashkeshortja-e-erikut-sqaron-per-here-te-pare-si-eshte-marredhenia-mes-tyre-nuk-isha-dakord\/","title":{"rendered":"\u201cI thash\u00eb do marr valixhet do iki\u201d\/ Bashk\u00ebshortja e Erikut sqaron p\u00ebr her\u00eb t\u00eb par\u00eb si \u00ebsht\u00eb marr\u00ebdh\u00ebnia mes tyre: Nuk isha dakord\u2026"},"content":{"rendered":"<p>Ka folur p\u00ebr her\u00eb t\u00eb n\u00eb \u201cFan Club\u201d bashk\u00ebshortja e Erik Lloshit, Romina, pas aludimeve se marr\u00ebdh\u00ebnia mes tyre \u00ebsht\u00eb krisur p\u00ebr shkak t\u00eb pjes\u00ebmarrjes s\u00eb k\u00ebng\u00ebtarit n\u00eb BBV.<\/p>\n<p>Ajo sqaroi se nuk ishte dakord p\u00ebr hyrjen e tij n\u00eb Big Brother, por tashm\u00eb e mb\u00ebshtet at\u00eb plot\u00ebsisht, megjith\u00ebse nuk i p\u00ebrkrah sjelljet e tij t\u00eb agravuara.<\/p>\n<p>\u201cNuk kam qen\u00eb kurr\u00eb dakord t\u00eb futej n\u00eb Bigh Brother. Jam larg televizionit dhe nuk e kam dashur. Kam dashur q\u00eb jet\u00ebn personale ta kisha timen dhe t\u00eb mos isha n\u00eb syrin e publikut.<\/p>\n<p>Eriku ka pak temperament t\u00eb v\u00ebshtir\u00eb, \u00ebsht\u00eb shum\u00eb gjaknxeht\u00eb. Kjo ka qen\u00eb arsyeja pse i kam th\u00ebn\u00eb t\u00eb mos futej n\u00eb Big Brother se njer\u00ebzit aty luajn\u00eb me \u00e7do kart\u00eb. Ai \u00ebsht\u00eb nj\u00ebri shum\u00eb i drejt\u00eb dhe jo aq agresiv sa e portretizojn\u00eb.<\/p>\n<p>Eriku ka marr\u00eb ftes\u00eb dhe m\u00eb par\u00eb dhe i kam th\u00ebn\u00eb kategorisht jo, k\u00ebt\u00eb her\u00eb nuk m\u00eb d\u00ebgjoi. I thash\u00eb do marr valixhet dhe do t\u00eb iki n\u00eb sht\u00ebpi. Tashm\u00eb e mb\u00ebshtes totalisht, padiskutim. Tek Eriku ka gj\u00ebra q\u00eb m\u00eb p\u00eblqejn\u00eb dhe disa q\u00eb nuk i p\u00ebrkrah\u201d-u shpreh bashk\u00ebshortja e k\u00ebng\u00ebtarit.\/Top Channel<\/p>\n<div id=\"blogs-2464262659\" class=\"blogs-after-content blogs-entity-placement\"><div id=\"div-gpt-ad-1770230601260-0\" style=\"width:300px; height:600px;\"><\/div><\/div><div id=\"blogs-3798448200\" class=\"blogs-adsense-after-kontent blogs-entity-placement\"><script async src=\"https:\/\/pagead2.googlesyndication.com\/pagead\/js\/adsbygoogle.js\"\r\n     crossorigin=\"anonymous\"><\/script>\r\n<!-- Tiranaread -->\r\n<ins class=\"adsbygoogle\"\r\n     style=\"display:inline-block;width:728px;height:90px\"\r\n     data-ad-client=\"ca-pub-2355142065052501\"\r\n\t data-page-url=\"https:\/\/blogseyir.com\"\r\n     data-ad-slot=\"7464751963\"><\/ins>\r\n<script>\r\n     (adsbygoogle = window.adsbygoogle || []).push({});\r\n<\/script><\/div>","protected":false},"excerpt":{"rendered":"<p>Ka folur p\u00ebr her\u00eb t\u00eb n\u00eb \u201cFan Club\u201d bashk\u00ebshortja e Erik Lloshit, Romina, pas aludimeve se marr\u00ebdh\u00ebnia mes tyre \u00ebsht\u00eb krisur p\u00ebr shkak t\u00eb pjes\u00ebmarrjes s\u00eb k\u00ebng\u00ebtarit n\u00eb BBV. Ajo sqaroi se nuk ishte dakord p\u00ebr hyrjen e tij n\u00eb Big Brother, por tashm\u00eb e mb\u00ebshtet at\u00eb plot\u00ebsisht, megjith\u00ebse nuk i p\u00ebrkrah sjelljet e tij [&hellip;]<\/p>\n","protected":false},"author":1,"featured_media":39752,"comment_status":"open","ping_status":"closed","sticky":false,"template":"","format":"standard","meta":{"footnotes":""},"categories":[33],"tags":[485,2142],"class_list":["post-39750","post","type-post","status-publish","format-standard","has-post-thumbnail","hentry","category-showbizi","tag-bashkeshortja","tag-erik-lloshi"],"_links":{"self":[{"href":"https:\/\/blogseyir.com\/wp\/wp-json\/wp\/v2\/posts\/39750","targetHints":{"allow":["GET"]}}],"collection":[{"href":"https:\/\/blogseyir.com\/wp\/wp-json\/wp\/v2\/posts"}],"about":[{"href":"https:\/\/blogseyir.com\/wp\/wp-json\/wp\/v2\/types\/post"}],"author":[{"embeddable":true,"href":"https:\/\/blogseyir.com\/wp\/wp-json\/wp\/v2\/users\/1"}],"replies":[{"embeddable":true,"href":"https:\/\/blogseyir.com\/wp\/wp-json\/wp\/v2\/comments?post=39750"}],"version-history":[{"count":1,"href":"https:\/\/blogseyir.com\/wp\/wp-json\/wp\/v2\/posts\/39750\/revisions"}],"predecessor-version":[{"id":39751,"href":"https:\/\/blogseyir.com\/wp\/wp-json\/wp\/v2\/posts\/39750\/revisions\/39751"}],"wp:featuredmedia":[{"embeddable":true,"href":"https:\/\/blogseyir.com\/wp\/wp-json\/wp\/v2\/media\/39752"}],"wp:attachment":[{"href":"https:\/\/blogseyir.com\/wp\/wp-json\/wp\/v2\/media?parent=39750"}],"wp:term":[{"taxonomy":"category","embeddable":true,"href":"https:\/\/blogseyir.com\/wp\/wp-json\/wp\/v2\/categories?post=39750"},{"taxonomy":"post_tag","embeddable":true,"href":"https:\/\/blogseyir.com\/wp\/wp-json\/wp\/v2\/tags?post=39750"}],"curies":[{"name":"wp","href":"https:\/\/api.w.org\/{rel}","templated":true}]}}