{"id":39533,"date":"2026-01-14T18:42:40","date_gmt":"2026-01-14T18:42:40","guid":{"rendered":"https:\/\/blogseyir.com\/wp\/?p=39533"},"modified":"2026-01-14T18:42:40","modified_gmt":"2026-01-14T18:42:40","slug":"la-ne-menyre-te-papritur-bbva-ilir-vrenozi-bene-deklaraten-qe-nuk-pritej-aty-brenda-duhej-te","status":"publish","type":"post","link":"https:\/\/blogseyir.com\/wp\/la-ne-menyre-te-papritur-bbva-ilir-vrenozi-bene-deklaraten-qe-nuk-pritej-aty-brenda-duhej-te\/","title":{"rendered":"La n\u00eb m\u00ebnyr\u00eb t\u00eb papritur BBVA, Ilir Vrenozi b\u00ebn\u00eb DEKLARATEN q\u00eb nuk pritej &#8216;Aty brenda duhej t\u00eb&#8230;&#8217;"},"content":{"rendered":"<p>Publiku e donte dhe e votoi, por q\u00ebndrimi i Ilir Vrenozit n\u00eb sht\u00ebpin\u00eb e \u201cV\u00ebllait t\u00eb Madh\u201d, zgjati vet\u00ebm disa jav\u00eb. Kjo p\u00ebr shkak t\u00eb nj\u00eb vendimi t\u00eb tij t\u00eb marr\u00eb dit\u00ebn e sotme, ku si pasoj\u00eb e gjendjes sh\u00ebndet\u00ebsore, Iliri nd\u00ebrmori hapin p\u00ebr t\u00eb l\u00ebn\u00eb p\u00ebrgjysm\u00eb gar\u00ebn p\u00ebr \u00e7mimin e madh.<\/p>\n<p>Pak pasi doli nga sht\u00ebpia, ai iu bashkua n\u00eb studion e \u201cShqip\u00ebria Live\u201d, ku dhe tregoi se nuk po e gjente m\u00eb veten n\u00eb sht\u00ebpi dhe nuk mund t\u00eb krijonte debate nga \u201ckoti\u201d, ashtu sikurse dhe shumica e banor\u00ebve aty.<\/p>\n<p>Po ashtu, ai tregoi edhe p\u00ebr marr\u00ebdh\u00ebniet me banor\u00ebt, ku ve\u00e7oi at\u00eb me Stenaldon i cili p\u00ebr Ilirin \u00ebsht\u00eb nj\u00eb njeri ve\u00e7ant\u00eb.<\/p>\n<p><img loading=\"lazy\" decoding=\"async\" class=\"alignnone size-full wp-image-2817\" src=\"https:\/\/post.gazetatirana.com\/wp-content\/uploads\/2026\/01\/image-285.webp\" alt=\"\" width=\"1050\" height=\"747\" \/><\/p>\n<p>\u201cNj\u00eb muaj aty mu duk shum\u00eb. E ndava mendjen kur u futa brenda, t\u00eb mos mendoja p\u00ebr familjen. Ajo \u00ebsht\u00eb eksperienca m\u00eb e mir\u00eb, e p\u00ebrjetova. M\u00eb vjen keq q\u00eb p\u00ebrfundoi k\u00ebshtu.<\/p>\n<p>Pas dy jav\u00ebsh, vajtja tek zhavorri\u2026 Kisha hallin e sh\u00ebndetit. Stenaldo \u00ebsht\u00eb njeriu m\u00eb i mir\u00eb q\u00eb kam njohur. Ai qau m\u00eb shum\u00eb se p\u00ebr n\u00ebn\u00ebn dje, m\u00eb tha nuk kam me k\u00eb t\u00eb qaj tani. Aty b\u00ebhesh si i familjes. Nuk dal dot nga vetja. Nuk b\u00ebj dot q\u00eb t\u00eb kapem kot, disa persona e b\u00ebjn\u00eb aty. Mua m\u00eb kan\u00eb dashur aty\u201d, tha Vrenozi.<\/p>\n<p>&nbsp;<\/p>\n<div id=\"blogs-3828924105\" class=\"blogs-after-content blogs-entity-placement\"><div id=\"div-gpt-ad-1770230601260-0\" style=\"width:300px; height:600px;\"><\/div><\/div><div id=\"blogs-600035921\" class=\"blogs-adsense-after-kontent blogs-entity-placement\"><script async src=\"https:\/\/pagead2.googlesyndication.com\/pagead\/js\/adsbygoogle.js\"\r\n     crossorigin=\"anonymous\"><\/script>\r\n<!-- Tiranaread -->\r\n<ins class=\"adsbygoogle\"\r\n     style=\"display:inline-block;width:728px;height:90px\"\r\n     data-ad-client=\"ca-pub-2355142065052501\"\r\n\t data-page-url=\"https:\/\/blogseyir.com\"\r\n     data-ad-slot=\"7464751963\"><\/ins>\r\n<script>\r\n     (adsbygoogle = window.adsbygoogle || []).push({});\r\n<\/script><\/div>","protected":false},"excerpt":{"rendered":"<p>Publiku e donte dhe e votoi, por q\u00ebndrimi i Ilir Vrenozit n\u00eb sht\u00ebpin\u00eb e \u201cV\u00ebllait t\u00eb Madh\u201d, zgjati vet\u00ebm disa jav\u00eb. Kjo p\u00ebr shkak t\u00eb nj\u00eb vendimi t\u00eb tij t\u00eb marr\u00eb dit\u00ebn e sotme, ku si pasoj\u00eb e gjendjes sh\u00ebndet\u00ebsore, Iliri nd\u00ebrmori hapin p\u00ebr t\u00eb l\u00ebn\u00eb p\u00ebrgjysm\u00eb gar\u00ebn p\u00ebr \u00e7mimin e madh. Pak pasi doli [&hellip;]<\/p>\n","protected":false},"author":1,"featured_media":39535,"comment_status":"open","ping_status":"closed","sticky":false,"template":"","format":"standard","meta":{"footnotes":""},"categories":[32],"tags":[52,2204],"class_list":["post-39533","post","type-post","status-publish","format-standard","has-post-thumbnail","hentry","category-te-fundit","tag-bbva","tag-ilir-vrenozi"],"_links":{"self":[{"href":"https:\/\/blogseyir.com\/wp\/wp-json\/wp\/v2\/posts\/39533","targetHints":{"allow":["GET"]}}],"collection":[{"href":"https:\/\/blogseyir.com\/wp\/wp-json\/wp\/v2\/posts"}],"about":[{"href":"https:\/\/blogseyir.com\/wp\/wp-json\/wp\/v2\/types\/post"}],"author":[{"embeddable":true,"href":"https:\/\/blogseyir.com\/wp\/wp-json\/wp\/v2\/users\/1"}],"replies":[{"embeddable":true,"href":"https:\/\/blogseyir.com\/wp\/wp-json\/wp\/v2\/comments?post=39533"}],"version-history":[{"count":1,"href":"https:\/\/blogseyir.com\/wp\/wp-json\/wp\/v2\/posts\/39533\/revisions"}],"predecessor-version":[{"id":39534,"href":"https:\/\/blogseyir.com\/wp\/wp-json\/wp\/v2\/posts\/39533\/revisions\/39534"}],"wp:featuredmedia":[{"embeddable":true,"href":"https:\/\/blogseyir.com\/wp\/wp-json\/wp\/v2\/media\/39535"}],"wp:attachment":[{"href":"https:\/\/blogseyir.com\/wp\/wp-json\/wp\/v2\/media?parent=39533"}],"wp:term":[{"taxonomy":"category","embeddable":true,"href":"https:\/\/blogseyir.com\/wp\/wp-json\/wp\/v2\/categories?post=39533"},{"taxonomy":"post_tag","embeddable":true,"href":"https:\/\/blogseyir.com\/wp\/wp-json\/wp\/v2\/tags?post=39533"}],"curies":[{"name":"wp","href":"https:\/\/api.w.org\/{rel}","templated":true}]}}