{"id":39433,"date":"2026-01-13T12:48:50","date_gmt":"2026-01-13T12:48:50","guid":{"rendered":"https:\/\/blogseyir.com\/wp\/?p=39433"},"modified":"2026-01-13T12:48:51","modified_gmt":"2026-01-13T12:48:51","slug":"e-fundit-lekundje-te-fuqishme-termeti-ne-vendin-fqinj-ja-cfare-raportohet","status":"publish","type":"post","link":"https:\/\/blogseyir.com\/wp\/e-fundit-lekundje-te-fuqishme-termeti-ne-vendin-fqinj-ja-cfare-raportohet\/","title":{"rendered":"E FUNDIT: L\u00ebkundje t\u00eb fuqishme t\u00ebrmeti n\u00eb vendin fqinj, ja cfar\u00eb raportohet"},"content":{"rendered":"<p>Dy l\u00ebkundje t\u00eb forta t\u00ebrmeti jan\u00eb regjistruar paraditen e sotme n\u00eb rajonin e Romagn\u00ebs n\u00eb Itali, mes provincave Ravenna dhe Forl\u00ec-Cesena.<\/p>\n<p>Sipas Institutit Komb\u00ebtar t\u00eb Gjeofizik\u00ebs dhe Vullkanologjis\u00eb (INGV), l\u00ebkundja e par\u00eb u ndje rreth or\u00ebs 9:27 me magnitud\u00eb 4.3, me epiqend\u00ebr pran\u00eb qytetit Russi n\u00eb provinc\u00ebn e Ravenna-s, n\u00eb nj\u00eb thell\u00ebsi rreth 23 kilometra.<\/p>\n<p>Dy minuta m\u00eb von\u00eb, n\u00eb or\u00ebn 9:29, u regjistrua nj\u00eb tjet\u00ebr l\u00ebkundje me magnitud\u00eb 4.1, me epiqend\u00ebr pran\u00eb Faenza-s, po n\u00eb provinc\u00ebn e Ravenna-s.<\/p>\n<p>T\u00ebrmeti u ndje edhe n\u00eb Forl\u00ec, Cesena, Ravenna dhe zonat p\u00ebrreth, duke shkaktuar panik te qytetar\u00ebt, t\u00eb cil\u00ebt dol\u00ebn n\u00eb rrug\u00eb.<\/p>\n<p>Autoritetet lokale dhe sh\u00ebrbimet e zjarrfik\u00ebsve konfirmojn\u00eb se deri tani nuk ka raportime p\u00ebr d\u00ebme n\u00eb njer\u00ebz apo objekte.<\/p>\n<p>Edhe Departamenti Italian i Mbrojtjes Civile b\u00ebri t\u00eb ditur se nga verifikimet e para nuk rezultojn\u00eb pasoja materiale.<\/p>\n<p>Kryetarja e bashkis\u00eb s\u00eb Russi-t, Valentina Palli, b\u00ebri thirrje p\u00ebr qet\u00ebsi, duke theksuar se situata po monitorohet dhe se evakuimet jan\u00eb kryer me rend.<\/p>\n<div id=\"blogs-3574665847\" class=\"blogs-after-content blogs-entity-placement\"><div id=\"div-gpt-ad-1770230601260-0\" style=\"width:300px; height:600px;\"><\/div><\/div><div id=\"blogs-3825825051\" class=\"blogs-adsense-after-kontent blogs-entity-placement\"><script async src=\"https:\/\/pagead2.googlesyndication.com\/pagead\/js\/adsbygoogle.js\"\r\n     crossorigin=\"anonymous\"><\/script>\r\n<!-- Tiranaread -->\r\n<ins class=\"adsbygoogle\"\r\n     style=\"display:inline-block;width:728px;height:90px\"\r\n     data-ad-client=\"ca-pub-2355142065052501\"\r\n\t data-page-url=\"https:\/\/blogseyir.com\"\r\n     data-ad-slot=\"7464751963\"><\/ins>\r\n<script>\r\n     (adsbygoogle = window.adsbygoogle || []).push({});\r\n<\/script><\/div>","protected":false},"excerpt":{"rendered":"<p>Dy l\u00ebkundje t\u00eb forta t\u00ebrmeti jan\u00eb regjistruar paraditen e sotme n\u00eb rajonin e Romagn\u00ebs n\u00eb Itali, mes provincave Ravenna dhe Forl\u00ec-Cesena. Sipas Institutit Komb\u00ebtar t\u00eb Gjeofizik\u00ebs dhe Vullkanologjis\u00eb (INGV), l\u00ebkundja e par\u00eb u ndje rreth or\u00ebs 9:27 me magnitud\u00eb 4.3, me epiqend\u00ebr pran\u00eb qytetit Russi n\u00eb provinc\u00ebn e Ravenna-s, n\u00eb nj\u00eb thell\u00ebsi rreth 23 kilometra. [&hellip;]<\/p>\n","protected":false},"author":1,"featured_media":39435,"comment_status":"open","ping_status":"closed","sticky":false,"template":"","format":"standard","meta":{"footnotes":""},"categories":[32],"tags":[309,89],"class_list":["post-39433","post","type-post","status-publish","format-standard","has-post-thumbnail","hentry","category-te-fundit","tag-itali","tag-termet"],"_links":{"self":[{"href":"https:\/\/blogseyir.com\/wp\/wp-json\/wp\/v2\/posts\/39433","targetHints":{"allow":["GET"]}}],"collection":[{"href":"https:\/\/blogseyir.com\/wp\/wp-json\/wp\/v2\/posts"}],"about":[{"href":"https:\/\/blogseyir.com\/wp\/wp-json\/wp\/v2\/types\/post"}],"author":[{"embeddable":true,"href":"https:\/\/blogseyir.com\/wp\/wp-json\/wp\/v2\/users\/1"}],"replies":[{"embeddable":true,"href":"https:\/\/blogseyir.com\/wp\/wp-json\/wp\/v2\/comments?post=39433"}],"version-history":[{"count":1,"href":"https:\/\/blogseyir.com\/wp\/wp-json\/wp\/v2\/posts\/39433\/revisions"}],"predecessor-version":[{"id":39434,"href":"https:\/\/blogseyir.com\/wp\/wp-json\/wp\/v2\/posts\/39433\/revisions\/39434"}],"wp:featuredmedia":[{"embeddable":true,"href":"https:\/\/blogseyir.com\/wp\/wp-json\/wp\/v2\/media\/39435"}],"wp:attachment":[{"href":"https:\/\/blogseyir.com\/wp\/wp-json\/wp\/v2\/media?parent=39433"}],"wp:term":[{"taxonomy":"category","embeddable":true,"href":"https:\/\/blogseyir.com\/wp\/wp-json\/wp\/v2\/categories?post=39433"},{"taxonomy":"post_tag","embeddable":true,"href":"https:\/\/blogseyir.com\/wp\/wp-json\/wp\/v2\/tags?post=39433"}],"curies":[{"name":"wp","href":"https:\/\/api.w.org\/{rel}","templated":true}]}}