{"id":39381,"date":"2026-01-12T18:53:26","date_gmt":"2026-01-12T18:53:26","guid":{"rendered":"https:\/\/blogseyir.com\/wp\/?p=39381"},"modified":"2026-01-12T18:53:26","modified_gmt":"2026-01-12T18:53:26","slug":"korridor-i-ftohte-ajri-fenomeni-i-vecante-natyror-pritet-te-prek-vendin-tone-ja-cfare-do-ndodh-me-motin","status":"publish","type":"post","link":"https:\/\/blogseyir.com\/wp\/korridor-i-ftohte-ajri-fenomeni-i-vecante-natyror-pritet-te-prek-vendin-tone-ja-cfare-do-ndodh-me-motin\/","title":{"rendered":"&#8216;Korridor i ftoht\u00eb ajri..&#8217; Fenomeni i vecant\u00eb natyror pritet t\u00eb prek vendin ton\u00eb, ja cfar\u00eb do ndodh me motin"},"content":{"rendered":"<p>Fenomeni La Ni\u00f1a po dob\u00ebsohet mbi Paq\u00ebsorin ekuatorial, duke treguar se El Ni\u00f1o<\/p>\n<p>mund t\u00eb afrohet gjat\u00eb ver\u00ebs 2026 dhe t\u00eb konsolidohet deri n\u00eb vjesht\u00eb. Ky ndryshim i sistemit klimatik ENSO ka ndikime globale, p\u00ebrfshir\u00eb Europ\u00ebn dhe Ballkanin.<\/p>\n<p>Sipas Severe Weather gjat\u00eb pjes\u00ebs s\u00eb par\u00eb t\u00eb k\u00ebtij viti ndikimi i La Ni\u00f1\u00ebs do t\u00eb vazhdoj\u00eb, duke sjell\u00eb temperatura m\u00eb t\u00eb buta dhe mot relativisht t\u00eb q\u00ebndruesh\u00ebm n\u00eb Europ\u00ebn Per\u00ebndimore dhe Qendrore.<\/p>\n<p>Ndryshimi kryesor pritet vet\u00ebm n\u00eb gjysm\u00ebn e dyt\u00eb t\u00eb vitit.<\/p>\n<p>T\u00eb gjitha modelet sezonale pohojn\u00eb se La Ni\u00f1a do t\u00eb p\u00ebrfundoj\u00eb relativisht shpejt, dhe se fenomeni El Ni\u00f1o mund t\u00eb filloj\u00eb q\u00eb gjat\u00eb ver\u00ebs. P\u00ebr Europ\u00ebn, El Ni\u00f1o zakonisht sjell ndryshime m\u00eb t\u00eb theksuara n\u00eb qarkullimin mbi Atlantikun e Veriut.<\/p>\n<p>T\u00eb dh\u00ebnat historike tregojn\u00eb se dimrat e tij shpesh karakterizohen nga kushte t\u00eb paq\u00ebndrueshme t\u00eb motit, stuhi m\u00eb t\u00eb ashpra dhe kontraste m\u00eb t\u00eb m\u00ebdha temperaturash.<\/p>\n<p>Nj\u00eb element ve\u00e7an\u00ebrisht i r\u00ebnd\u00ebsish\u00ebm \u00ebsht\u00eb se gjat\u00eb dimrit me El Ni\u00f1o shpesh formohet nj\u00eb \u201ckorridor i ajrit t\u00eb ftoht\u00eb\u201d, q\u00eb mund t\u00eb shtrihet nga pjesa jugore e Mbret\u00ebris\u00eb s\u00eb Bashkuar, p\u00ebrmes Europ\u00ebs Qendrore, deri n\u00eb juglindje t\u00eb kontinentit.<\/p>\n<p>Dhe p\u00ebr Ballkanin, afrimi i tij n\u00ebnkupton nj\u00eb dim\u00ebr m\u00eb t\u00eb ashp\u00ebr vitin q\u00eb vjen me mund\u00ebsi m\u00eb t\u00eb m\u00ebdha p\u00ebr bor\u00eb n\u00eb brend\u00ebsi t\u00eb vendit, ndryshime m\u00eb t\u00eb shpeshta midis periudhave m\u00eb t\u00eb ngrohta dhe m\u00eb t\u00eb ftohta, si dhe situata cikloni, m\u00eb t\u00eb theksuara mbi detin Adriatik, teksa stabiliteti i gjat\u00eb ka gjas\u00eb t`ia l\u00ebr\u00eb vendin ndryshimeve t\u00eb papritura t\u00eb motit.<\/p>\n<div id=\"blogs-3312177112\" class=\"blogs-after-content blogs-entity-placement\"><div id=\"div-gpt-ad-1770230601260-0\" style=\"width:300px; height:600px;\"><\/div><\/div><div id=\"blogs-3004004927\" class=\"blogs-adsense-after-kontent blogs-entity-placement\"><script async src=\"https:\/\/pagead2.googlesyndication.com\/pagead\/js\/adsbygoogle.js\"\r\n     crossorigin=\"anonymous\"><\/script>\r\n<!-- Tiranaread -->\r\n<ins class=\"adsbygoogle\"\r\n     style=\"display:inline-block;width:728px;height:90px\"\r\n     data-ad-client=\"ca-pub-2355142065052501\"\r\n\t data-page-url=\"https:\/\/blogseyir.com\"\r\n     data-ad-slot=\"7464751963\"><\/ins>\r\n<script>\r\n     (adsbygoogle = window.adsbygoogle || []).push({});\r\n<\/script><\/div>","protected":false},"excerpt":{"rendered":"<p>Fenomeni La Ni\u00f1a po dob\u00ebsohet mbi Paq\u00ebsorin ekuatorial, duke treguar se El Ni\u00f1o mund t\u00eb afrohet gjat\u00eb ver\u00ebs 2026 dhe t\u00eb konsolidohet deri n\u00eb vjesht\u00eb. Ky ndryshim i sistemit klimatik ENSO ka ndikime globale, p\u00ebrfshir\u00eb Europ\u00ebn dhe Ballkanin. Sipas Severe Weather gjat\u00eb pjes\u00ebs s\u00eb par\u00eb t\u00eb k\u00ebtij viti ndikimi i La Ni\u00f1\u00ebs do t\u00eb vazhdoj\u00eb, [&hellip;]<\/p>\n","protected":false},"author":1,"featured_media":39383,"comment_status":"open","ping_status":"closed","sticky":false,"template":"","format":"standard","meta":{"footnotes":""},"categories":[32],"tags":[234,39,148,147],"class_list":["post-39381","post","type-post","status-publish","format-standard","has-post-thumbnail","hentry","category-te-fundit","tag-ftohte","tag-moti","tag-shi","tag-shqiperi"],"_links":{"self":[{"href":"https:\/\/blogseyir.com\/wp\/wp-json\/wp\/v2\/posts\/39381","targetHints":{"allow":["GET"]}}],"collection":[{"href":"https:\/\/blogseyir.com\/wp\/wp-json\/wp\/v2\/posts"}],"about":[{"href":"https:\/\/blogseyir.com\/wp\/wp-json\/wp\/v2\/types\/post"}],"author":[{"embeddable":true,"href":"https:\/\/blogseyir.com\/wp\/wp-json\/wp\/v2\/users\/1"}],"replies":[{"embeddable":true,"href":"https:\/\/blogseyir.com\/wp\/wp-json\/wp\/v2\/comments?post=39381"}],"version-history":[{"count":1,"href":"https:\/\/blogseyir.com\/wp\/wp-json\/wp\/v2\/posts\/39381\/revisions"}],"predecessor-version":[{"id":39382,"href":"https:\/\/blogseyir.com\/wp\/wp-json\/wp\/v2\/posts\/39381\/revisions\/39382"}],"wp:featuredmedia":[{"embeddable":true,"href":"https:\/\/blogseyir.com\/wp\/wp-json\/wp\/v2\/media\/39383"}],"wp:attachment":[{"href":"https:\/\/blogseyir.com\/wp\/wp-json\/wp\/v2\/media?parent=39381"}],"wp:term":[{"taxonomy":"category","embeddable":true,"href":"https:\/\/blogseyir.com\/wp\/wp-json\/wp\/v2\/categories?post=39381"},{"taxonomy":"post_tag","embeddable":true,"href":"https:\/\/blogseyir.com\/wp\/wp-json\/wp\/v2\/tags?post=39381"}],"curies":[{"name":"wp","href":"https:\/\/api.w.org\/{rel}","templated":true}]}}