{"id":39158,"date":"2026-01-09T16:43:54","date_gmt":"2026-01-09T16:43:54","guid":{"rendered":"https:\/\/blogseyir.com\/wp\/?p=39158"},"modified":"2026-01-09T16:43:55","modified_gmt":"2026-01-09T16:43:55","slug":"agron-shehaj-ne-zl-kryetari-i-partise-humb-njeriun-e-zemres","status":"publish","type":"post","link":"https:\/\/blogseyir.com\/wp\/agron-shehaj-ne-zl-kryetari-i-partise-humb-njeriun-e-zemres\/","title":{"rendered":"Agron Shehaj n\u00eb Zl! Kryetari i Partis\u00eb humb njeriun e zemr\u00ebs"},"content":{"rendered":"<p>Esht\u00eb ndar\u00eb nga jeta n\u00eb mosh\u00ebn 81 vje\u00e7are babai i kryetarit t\u00eb Partis\u00eb \u201cMund\u00ebsia\u201d, Agron Shehaj.<\/p>\n<p>Siri Shehaj, i cili koh\u00ebt e fundit kaloi edhe nj\u00eb s\u00ebmundje t\u00eb r\u00ebnd\u00eb, u nda nga jeta n\u00eb Itali,<\/p>\n<p>nd\u00ebrsa gjith\u00e7ka u mor vesh mbr\u00ebmjen e djeshme kur Shehaj duhet t\u00eb ishte present n\u00eb emisionin \u201cT\u00eb paekspozuarit\u201d t\u00eb Ylli Rakipit, kur moderatori tha se kryetari i partis\u00eb Mund\u00ebsia nuk mund t\u00eb ishte prezent p\u00ebr shkak t\u00eb nj\u00eb fatkeq\u00ebsie t\u00eb ndodhur.<\/p>\n<p>Z.Siri Shehaj \u00ebsht\u00eb ndar\u00eb nga jeta af\u00ebr familjar\u00ebve t\u00eb tij n\u00eb Itali.<\/p>\n<p><img loading=\"lazy\" decoding=\"async\" class=\"alignnone size-full wp-image-2245\" src=\"https:\/\/post.gazetatirana.com\/wp-content\/uploads\/2026\/01\/image-179.webp\" alt=\"\" width=\"663\" height=\"390\" \/><\/p>\n<p>Agron Shehaj ka folur publikisht p\u00ebr t\u00eb atin e tij, Siri Shehaj n\u00eb nj\u00eb nga konventat e partis\u00eb Mund\u00ebsia. \u201cEdhe un\u00eb kam pasur nj\u00eb hero, nj\u00eb njeri q\u00eb m\u00eb ka m\u00ebsuar, frym\u00ebzuar t\u00eb mos dor\u00ebzohem kurr\u00eb. Ky njeri \u00ebsht\u00eb babai im. M\u00eb kujtohet qart\u00eb mpreht\u00ebsia e mendimit t\u00eb tij, intuita dhe aft\u00ebsia p\u00ebr t\u00eb par\u00eb p\u00ebrtej asaj q\u00eb dukej n\u00eb sip\u00ebrfaqe.<\/p>\n<p>Nga ai m\u00ebsova t\u00eb shoh gj\u00ebrat ndryshe, t\u00eb mendoj ndryshe. M\u00ebsova nj\u00eb t\u00eb v\u00ebrtet\u00eb t\u00eb madhe q\u00eb me pun\u00eb e k\u00ebmb\u00ebngulje, asgj\u00eb nuk \u00ebsht\u00eb e pamundur. Ndaj jam sot k\u00ebtu. P\u00ebr k\u00ebt\u00eb u jam mir\u00ebnjoh\u00ebs prind\u00ebrve t\u00eb mi\u201d, ishte kujtesa e jasht\u00ebzakonshme e Agron Shehajt n\u00eb konvent\u00ebn e prillit 2025, kur babain e kishte akoma n\u00eb jet\u00eb.<\/p>\n<p>Gjyshi i Agron Shehajt ka vdekur n\u00eb burgun e Burrelit si i burgosur politik, duke l\u00ebn\u00eb Siriun m\u00eb mosh\u00eb fare t\u00eb vog\u00ebl. Ai u rrit n\u00eb Vlor\u00eb ku edhe krijoi familje.<\/p>\n<p>Siriu, n\u00eb mars t\u00eb vitit 1991 u largua nga Shqip\u00ebria me Agronin e vog\u00ebl (foto e t\u00eb cilit ka b\u00ebr\u00eb xhiron e medias) drejt Italis\u00eb me nj\u00eb anije nga Himara. Prej andej, marr\u00ebdh\u00ebniet e Siri Shehajt me Shqip\u00ebrin\u00eb, kan\u00eb qen\u00eb t\u00eb koh\u00ebpaskohshme.<\/p>\n<div id=\"blogs-1238342853\" class=\"blogs-after-content blogs-entity-placement\"><div id=\"div-gpt-ad-1770230601260-0\" style=\"width:300px; height:600px;\"><\/div><\/div><div id=\"blogs-3335985254\" class=\"blogs-adsense-after-kontent blogs-entity-placement\"><script async src=\"https:\/\/pagead2.googlesyndication.com\/pagead\/js\/adsbygoogle.js\"\r\n     crossorigin=\"anonymous\"><\/script>\r\n<!-- Tiranaread -->\r\n<ins class=\"adsbygoogle\"\r\n     style=\"display:inline-block;width:728px;height:90px\"\r\n     data-ad-client=\"ca-pub-2355142065052501\"\r\n\t data-page-url=\"https:\/\/blogseyir.com\"\r\n     data-ad-slot=\"7464751963\"><\/ins>\r\n<script>\r\n     (adsbygoogle = window.adsbygoogle || []).push({});\r\n<\/script><\/div>","protected":false},"excerpt":{"rendered":"<p>Esht\u00eb ndar\u00eb nga jeta n\u00eb mosh\u00ebn 81 vje\u00e7are babai i kryetarit t\u00eb Partis\u00eb \u201cMund\u00ebsia\u201d, Agron Shehaj. Siri Shehaj, i cili koh\u00ebt e fundit kaloi edhe nj\u00eb s\u00ebmundje t\u00eb r\u00ebnd\u00eb, u nda nga jeta n\u00eb Itali, nd\u00ebrsa gjith\u00e7ka u mor vesh mbr\u00ebmjen e djeshme kur Shehaj duhet t\u00eb ishte present n\u00eb emisionin \u201cT\u00eb paekspozuarit\u201d t\u00eb Ylli [&hellip;]<\/p>\n","protected":false},"author":1,"featured_media":39160,"comment_status":"open","ping_status":"closed","sticky":false,"template":"","format":"standard","meta":{"footnotes":""},"categories":[32],"tags":[951,593,41],"class_list":["post-39158","post","type-post","status-publish","format-standard","has-post-thumbnail","hentry","category-te-fundit","tag-agron-shehaj","tag-babai","tag-vdekje"],"_links":{"self":[{"href":"https:\/\/blogseyir.com\/wp\/wp-json\/wp\/v2\/posts\/39158","targetHints":{"allow":["GET"]}}],"collection":[{"href":"https:\/\/blogseyir.com\/wp\/wp-json\/wp\/v2\/posts"}],"about":[{"href":"https:\/\/blogseyir.com\/wp\/wp-json\/wp\/v2\/types\/post"}],"author":[{"embeddable":true,"href":"https:\/\/blogseyir.com\/wp\/wp-json\/wp\/v2\/users\/1"}],"replies":[{"embeddable":true,"href":"https:\/\/blogseyir.com\/wp\/wp-json\/wp\/v2\/comments?post=39158"}],"version-history":[{"count":1,"href":"https:\/\/blogseyir.com\/wp\/wp-json\/wp\/v2\/posts\/39158\/revisions"}],"predecessor-version":[{"id":39159,"href":"https:\/\/blogseyir.com\/wp\/wp-json\/wp\/v2\/posts\/39158\/revisions\/39159"}],"wp:featuredmedia":[{"embeddable":true,"href":"https:\/\/blogseyir.com\/wp\/wp-json\/wp\/v2\/media\/39160"}],"wp:attachment":[{"href":"https:\/\/blogseyir.com\/wp\/wp-json\/wp\/v2\/media?parent=39158"}],"wp:term":[{"taxonomy":"category","embeddable":true,"href":"https:\/\/blogseyir.com\/wp\/wp-json\/wp\/v2\/categories?post=39158"},{"taxonomy":"post_tag","embeddable":true,"href":"https:\/\/blogseyir.com\/wp\/wp-json\/wp\/v2\/tags?post=39158"}],"curies":[{"name":"wp","href":"https:\/\/api.w.org\/{rel}","templated":true}]}}