{"id":38751,"date":"2026-01-04T17:11:53","date_gmt":"2026-01-04T17:11:53","guid":{"rendered":"https:\/\/blogseyir.com\/wp\/?p=38751"},"modified":"2026-01-04T17:11:54","modified_gmt":"2026-01-04T17:11:54","slug":"e-bujshme-vjen-reagimi-i-papritur-i-bashkeshortes-te-mirit-pas-afrimitetit-te-tij-me-selin","status":"publish","type":"post","link":"https:\/\/blogseyir.com\/wp\/e-bujshme-vjen-reagimi-i-papritur-i-bashkeshortes-te-mirit-pas-afrimitetit-te-tij-me-selin\/","title":{"rendered":"E BUJSHME! Vjen reagimi i papritur i bashk\u00ebshortes t\u00eb Mirit pas afrimitetit t\u00eb tij me Selin"},"content":{"rendered":"<p>Q\u00eb prej hyrjes s\u00eb tij n\u00eb BBV, Miri \u00ebsht\u00eb komentuar shum\u00eb p\u00ebr afrimitetin e tij me Selin\u2026<\/p>\n<p>Dit\u00ebn e sotme n\u00eb emisionin \u201cFan Club\u201d, ish banorja e BBV, Fran\u00e7eska Murati ka b\u00ebr\u00eb nj\u00eb deklarat\u00eb q\u00eb i ka habitur t\u00eb gjith\u00eb.<\/p>\n<p>Ajo ka shprehur se bashk\u00ebshortja e Mirit, ka komentuar n\u00eb nj\u00eb video t\u00eb tij me Selin, duke shkruar \u201cMiri, m\u00eb i miri.\u201d<\/p>\n<p>Fran\u00e7eska shtoi se profili i komentueses ishte me foton e bashk\u00ebshortes s\u00eb Mirit, edhe pse nuk \u00ebsht\u00eb se ka prova p\u00ebr ta v\u00ebrtetuar k\u00ebt\u00eb.<\/p>\n<p>Q\u00eb prej hyrjes s\u00eb tij n\u00eb BBV, Miri \u00ebsht\u00eb komentuar shum\u00eb p\u00ebr afrimitetin e tij me Selin.<\/p>\n<p>K\u00ebng\u00ebtari ka deklaruar se e shikon si vajz\u00ebn e tij dhe jo me sy tjet\u00ebr por t\u00eb shumt\u00eb jan\u00eb ata q\u00eb dyshojn\u00eb n\u00eb v\u00ebrtet\u00ebsin\u00eb e k\u00ebtij raporti mes banor\u00ebve.<\/p>\n<div id=\"blogs-293763672\" class=\"blogs-after-content blogs-entity-placement\"><div id=\"div-gpt-ad-1770230601260-0\" style=\"width:300px; height:600px;\"><\/div><\/div><div id=\"blogs-2077587810\" class=\"blogs-adsense-after-kontent blogs-entity-placement\"><script async src=\"https:\/\/pagead2.googlesyndication.com\/pagead\/js\/adsbygoogle.js\"\r\n     crossorigin=\"anonymous\"><\/script>\r\n<!-- Tiranaread -->\r\n<ins class=\"adsbygoogle\"\r\n     style=\"display:inline-block;width:728px;height:90px\"\r\n     data-ad-client=\"ca-pub-2355142065052501\"\r\n\t data-page-url=\"https:\/\/blogseyir.com\"\r\n     data-ad-slot=\"7464751963\"><\/ins>\r\n<script>\r\n     (adsbygoogle = window.adsbygoogle || []).push({});\r\n<\/script><\/div>","protected":false},"excerpt":{"rendered":"<p>Q\u00eb prej hyrjes s\u00eb tij n\u00eb BBV, Miri \u00ebsht\u00eb komentuar shum\u00eb p\u00ebr afrimitetin e tij me Selin\u2026 Dit\u00ebn e sotme n\u00eb emisionin \u201cFan Club\u201d, ish banorja e BBV, Fran\u00e7eska Murati ka b\u00ebr\u00eb nj\u00eb deklarat\u00eb q\u00eb i ka habitur t\u00eb gjith\u00eb. Ajo ka shprehur se bashk\u00ebshortja e Mirit, ka komentuar n\u00eb nj\u00eb video t\u00eb tij me [&hellip;]<\/p>\n","protected":false},"author":1,"featured_media":38753,"comment_status":"open","ping_status":"closed","sticky":false,"template":"","format":"standard","meta":{"footnotes":""},"categories":[32],"tags":[52,2220,2216],"class_list":["post-38751","post","type-post","status-publish","format-standard","has-post-thumbnail","hentry","category-te-fundit","tag-bbva","tag-miri","tag-selin"],"_links":{"self":[{"href":"https:\/\/blogseyir.com\/wp\/wp-json\/wp\/v2\/posts\/38751","targetHints":{"allow":["GET"]}}],"collection":[{"href":"https:\/\/blogseyir.com\/wp\/wp-json\/wp\/v2\/posts"}],"about":[{"href":"https:\/\/blogseyir.com\/wp\/wp-json\/wp\/v2\/types\/post"}],"author":[{"embeddable":true,"href":"https:\/\/blogseyir.com\/wp\/wp-json\/wp\/v2\/users\/1"}],"replies":[{"embeddable":true,"href":"https:\/\/blogseyir.com\/wp\/wp-json\/wp\/v2\/comments?post=38751"}],"version-history":[{"count":1,"href":"https:\/\/blogseyir.com\/wp\/wp-json\/wp\/v2\/posts\/38751\/revisions"}],"predecessor-version":[{"id":38752,"href":"https:\/\/blogseyir.com\/wp\/wp-json\/wp\/v2\/posts\/38751\/revisions\/38752"}],"wp:featuredmedia":[{"embeddable":true,"href":"https:\/\/blogseyir.com\/wp\/wp-json\/wp\/v2\/media\/38753"}],"wp:attachment":[{"href":"https:\/\/blogseyir.com\/wp\/wp-json\/wp\/v2\/media?parent=38751"}],"wp:term":[{"taxonomy":"category","embeddable":true,"href":"https:\/\/blogseyir.com\/wp\/wp-json\/wp\/v2\/categories?post=38751"},{"taxonomy":"post_tag","embeddable":true,"href":"https:\/\/blogseyir.com\/wp\/wp-json\/wp\/v2\/tags?post=38751"}],"curies":[{"name":"wp","href":"https:\/\/api.w.org\/{rel}","templated":true}]}}