{"id":38676,"date":"2026-01-03T11:46:17","date_gmt":"2026-01-03T11:46:17","guid":{"rendered":"https:\/\/blogseyir.com\/wp\/?p=38676"},"modified":"2026-01-03T11:46:17","modified_gmt":"2026-01-03T11:46:17","slug":"aksident-tragjik-autobusi-perplaset-me-kamionin-humbin-jeten-11-persona","status":"publish","type":"post","link":"https:\/\/blogseyir.com\/wp\/aksident-tragjik-autobusi-perplaset-me-kamionin-humbin-jeten-11-persona\/","title":{"rendered":"Aksident tragjik! Autobusi p\u00ebrplaset me kamionin, humbin jet\u00ebn 11 persona"},"content":{"rendered":"<p>Nj\u00eb aksident i r\u00ebnd\u00eb ka ndodhur dit\u00ebn e djeshme n\u00eb Brazil,<\/p>\n<p>ku 11 persona humb\u00ebn jet\u00ebn dhe shtat\u00eb t\u00eb tjer\u00eb u plagos\u00ebn n\u00eb nj\u00eb p\u00ebrplasje ballore midis nj\u00eb autobusi.<\/p>\n<p>Aksidenti ndodhi rreth or\u00ebs 11:30 t\u00eb m\u00ebngjesit n\u00eb nj\u00eb autostrad\u00eb federale n\u00eb shtetin m\u00eb jugor t\u00eb Rio Grande do Sul.<\/p>\n<p>Policia braziliane b\u00ebri me dije se nj\u00eb pjes\u00eb e ngarkes\u00ebs s\u00eb r\u00ebr\u00ebs s\u00eb kamionit<\/p>\n<p>p\u00ebrfundoi brenda autobusit si pasoj\u00eb e p\u00ebrplasjes, duke e b\u00ebr\u00eb t\u00eb v\u00ebshtir\u00eb p\u00ebr ekipet e shp\u00ebtimit qasjen n\u00eb automjet, pasi viktimat ishin mbuluar nga r\u00ebra.<\/p>\n<p>Ende nuk dihen shkaqet q\u00eb \u00e7uan n\u00eb p\u00ebrplasjen tragjike q\u00eb i mori jet\u00ebn 11 personave.<\/p>\n<div id=\"blogs-226222782\" class=\"blogs-after-content blogs-entity-placement\"><div id=\"div-gpt-ad-1770230601260-0\" style=\"width:300px; height:600px;\"><\/div><\/div><div id=\"blogs-2432498454\" class=\"blogs-adsense-after-kontent blogs-entity-placement\"><script async src=\"https:\/\/pagead2.googlesyndication.com\/pagead\/js\/adsbygoogle.js\"\r\n     crossorigin=\"anonymous\"><\/script>\r\n<!-- Tiranaread -->\r\n<ins class=\"adsbygoogle\"\r\n     style=\"display:inline-block;width:728px;height:90px\"\r\n     data-ad-client=\"ca-pub-2355142065052501\"\r\n\t data-page-url=\"https:\/\/blogseyir.com\"\r\n     data-ad-slot=\"7464751963\"><\/ins>\r\n<script>\r\n     (adsbygoogle = window.adsbygoogle || []).push({});\r\n<\/script><\/div>","protected":false},"excerpt":{"rendered":"<p>Nj\u00eb aksident i r\u00ebnd\u00eb ka ndodhur dit\u00ebn e djeshme n\u00eb Brazil, ku 11 persona humb\u00ebn jet\u00ebn dhe shtat\u00eb t\u00eb tjer\u00eb u plagos\u00ebn n\u00eb nj\u00eb p\u00ebrplasje ballore midis nj\u00eb autobusi. Aksidenti ndodhi rreth or\u00ebs 11:30 t\u00eb m\u00ebngjesit n\u00eb nj\u00eb autostrad\u00eb federale n\u00eb shtetin m\u00eb jugor t\u00eb Rio Grande do Sul. Policia braziliane b\u00ebri me dije se [&hellip;]<\/p>\n","protected":false},"author":1,"featured_media":38678,"comment_status":"open","ping_status":"closed","sticky":false,"template":"","format":"standard","meta":{"footnotes":""},"categories":[32],"tags":[183,1145,40],"class_list":["post-38676","post","type-post","status-publish","format-standard","has-post-thumbnail","hentry","category-te-fundit","tag-aksident","tag-brazil","tag-te-fundit"],"_links":{"self":[{"href":"https:\/\/blogseyir.com\/wp\/wp-json\/wp\/v2\/posts\/38676","targetHints":{"allow":["GET"]}}],"collection":[{"href":"https:\/\/blogseyir.com\/wp\/wp-json\/wp\/v2\/posts"}],"about":[{"href":"https:\/\/blogseyir.com\/wp\/wp-json\/wp\/v2\/types\/post"}],"author":[{"embeddable":true,"href":"https:\/\/blogseyir.com\/wp\/wp-json\/wp\/v2\/users\/1"}],"replies":[{"embeddable":true,"href":"https:\/\/blogseyir.com\/wp\/wp-json\/wp\/v2\/comments?post=38676"}],"version-history":[{"count":1,"href":"https:\/\/blogseyir.com\/wp\/wp-json\/wp\/v2\/posts\/38676\/revisions"}],"predecessor-version":[{"id":38677,"href":"https:\/\/blogseyir.com\/wp\/wp-json\/wp\/v2\/posts\/38676\/revisions\/38677"}],"wp:featuredmedia":[{"embeddable":true,"href":"https:\/\/blogseyir.com\/wp\/wp-json\/wp\/v2\/media\/38678"}],"wp:attachment":[{"href":"https:\/\/blogseyir.com\/wp\/wp-json\/wp\/v2\/media?parent=38676"}],"wp:term":[{"taxonomy":"category","embeddable":true,"href":"https:\/\/blogseyir.com\/wp\/wp-json\/wp\/v2\/categories?post=38676"},{"taxonomy":"post_tag","embeddable":true,"href":"https:\/\/blogseyir.com\/wp\/wp-json\/wp\/v2\/tags?post=38676"}],"curies":[{"name":"wp","href":"https:\/\/api.w.org\/{rel}","templated":true}]}}