{"id":38612,"date":"2026-01-02T11:28:59","date_gmt":"2026-01-02T11:28:59","guid":{"rendered":"https:\/\/blogseyir.com\/wp\/?p=38612"},"modified":"2026-01-02T11:29:00","modified_gmt":"2026-01-02T11:29:00","slug":"po-shkonin-per-te-festuar-aksidenti-tragjik-i-merr-jeten-ciftit-te-bashkeshortevel-mbeten-jetim-dy-femijet-e-mtur","status":"publish","type":"post","link":"https:\/\/blogseyir.com\/wp\/po-shkonin-per-te-festuar-aksidenti-tragjik-i-merr-jeten-ciftit-te-bashkeshortevel-mbeten-jetim-dy-femijet-e-mtur\/","title":{"rendered":"Po shkonin p\u00ebr t\u00eb festuar, aksidenti tragjik i merr jet\u00ebn ciftit t\u00eb bashk\u00ebshortevel. Mbet\u00ebn jetim dy f\u00ebmij\u00ebt e m*tur"},"content":{"rendered":"<p>Personat q\u00eb shihni n\u00eb foto jan\u00eb \u00e7ifti i bashk\u00ebshort\u00ebve Petrit dhe Elona Florini, t\u00eb cil\u00ebt humb\u00ebn jet\u00ebn paraditen e sotme n\u00eb aksidentin e ndodhur n\u00eb aksin \u201cLezh\u00eb\u2013Mab\u00eb\u201d, n\u00eb fshatin Gocaj.<\/p>\n<p>Petriti dhe Elona Florini udh\u00ebtonin me automjetin tip \u201cMercedes Benz\u201d, kur u p\u00ebrplas\u00ebn me nj\u00eb tjet\u00ebr makin\u00eb, me t\u00eb cil\u00ebn po qarkullonte nj\u00eb grua me dy f\u00ebmij\u00ebt e saj t\u00eb mitur, 6 dhe 2 vje\u00e7, t\u00eb cil\u00ebt kan\u00eb mbetur t\u00eb plagosur.<\/p>\n<p><img loading=\"lazy\" decoding=\"async\" class=\"alignnone size-full wp-image-1511\" src=\"https:\/\/post.gazetatirana.com\/wp-content\/uploads\/2026\/01\/image-17.webp\" alt=\"\" width=\"1148\" height=\"663\" \/><\/p>\n<p>Nga veprimet paraprake t\u00eb policis\u00eb dyshohet se shkak p\u00ebr aksidentin \u00ebsht\u00eb b\u00ebr\u00eb lag\u00ebshtira n\u00eb rrug\u00eb, duke sjell\u00eb humbjen e kontrollit t\u00eb drejtuesit t\u00eb automjetit dhe m\u00eb pas goditjen e fort\u00eb an\u00ebsore nga foristrada, e cila po l\u00ebvizte n\u00eb drejtim t\u00eb Shkodr\u00ebs.<\/p>\n<p>&nbsp;<\/p>\n<p>https:\/\/streamable.com\/rcufen<\/p>\n<p>&nbsp;<\/p>\n<div id=\"blogs-3874758615\" class=\"blogs-after-content blogs-entity-placement\"><div id=\"div-gpt-ad-1770230601260-0\" style=\"width:300px; height:600px;\"><\/div><\/div><div id=\"blogs-1397370326\" class=\"blogs-adsense-after-kontent blogs-entity-placement\"><script async src=\"https:\/\/pagead2.googlesyndication.com\/pagead\/js\/adsbygoogle.js\"\r\n     crossorigin=\"anonymous\"><\/script>\r\n<!-- Tiranaread -->\r\n<ins class=\"adsbygoogle\"\r\n     style=\"display:inline-block;width:728px;height:90px\"\r\n     data-ad-client=\"ca-pub-2355142065052501\"\r\n\t data-page-url=\"https:\/\/blogseyir.com\"\r\n     data-ad-slot=\"7464751963\"><\/ins>\r\n<script>\r\n     (adsbygoogle = window.adsbygoogle || []).push({});\r\n<\/script><\/div>","protected":false},"excerpt":{"rendered":"<p>Personat q\u00eb shihni n\u00eb foto jan\u00eb \u00e7ifti i bashk\u00ebshort\u00ebve Petrit dhe Elona Florini, t\u00eb cil\u00ebt humb\u00ebn jet\u00ebn paraditen e sotme n\u00eb aksidentin e ndodhur n\u00eb aksin \u201cLezh\u00eb\u2013Mab\u00eb\u201d, n\u00eb fshatin Gocaj. Petriti dhe Elona Florini udh\u00ebtonin me automjetin tip \u201cMercedes Benz\u201d, kur u p\u00ebrplas\u00ebn me nj\u00eb tjet\u00ebr makin\u00eb, me t\u00eb cil\u00ebn po qarkullonte nj\u00eb grua me [&hellip;]<\/p>\n","protected":false},"author":1,"featured_media":38614,"comment_status":"open","ping_status":"closed","sticky":false,"template":"","format":"standard","meta":{"footnotes":""},"categories":[32],"tags":[183,373,40],"class_list":["post-38612","post","type-post","status-publish","format-standard","has-post-thumbnail","hentry","category-te-fundit","tag-aksident","tag-lezhe","tag-te-fundit"],"_links":{"self":[{"href":"https:\/\/blogseyir.com\/wp\/wp-json\/wp\/v2\/posts\/38612","targetHints":{"allow":["GET"]}}],"collection":[{"href":"https:\/\/blogseyir.com\/wp\/wp-json\/wp\/v2\/posts"}],"about":[{"href":"https:\/\/blogseyir.com\/wp\/wp-json\/wp\/v2\/types\/post"}],"author":[{"embeddable":true,"href":"https:\/\/blogseyir.com\/wp\/wp-json\/wp\/v2\/users\/1"}],"replies":[{"embeddable":true,"href":"https:\/\/blogseyir.com\/wp\/wp-json\/wp\/v2\/comments?post=38612"}],"version-history":[{"count":1,"href":"https:\/\/blogseyir.com\/wp\/wp-json\/wp\/v2\/posts\/38612\/revisions"}],"predecessor-version":[{"id":38613,"href":"https:\/\/blogseyir.com\/wp\/wp-json\/wp\/v2\/posts\/38612\/revisions\/38613"}],"wp:featuredmedia":[{"embeddable":true,"href":"https:\/\/blogseyir.com\/wp\/wp-json\/wp\/v2\/media\/38614"}],"wp:attachment":[{"href":"https:\/\/blogseyir.com\/wp\/wp-json\/wp\/v2\/media?parent=38612"}],"wp:term":[{"taxonomy":"category","embeddable":true,"href":"https:\/\/blogseyir.com\/wp\/wp-json\/wp\/v2\/categories?post=38612"},{"taxonomy":"post_tag","embeddable":true,"href":"https:\/\/blogseyir.com\/wp\/wp-json\/wp\/v2\/tags?post=38612"}],"curies":[{"name":"wp","href":"https:\/\/api.w.org\/{rel}","templated":true}]}}