{"id":38498,"date":"2025-12-30T18:02:10","date_gmt":"2025-12-30T18:02:10","guid":{"rendered":"https:\/\/blogseyir.com\/wp\/?p=38498"},"modified":"2025-12-30T18:02:10","modified_gmt":"2025-12-30T18:02:10","slug":"tragjike-ne-prizren-banesa-perfshihet-nga-flaket-humb-jeten-foshnja","status":"publish","type":"post","link":"https:\/\/blogseyir.com\/wp\/tragjike-ne-prizren-banesa-perfshihet-nga-flaket-humb-jeten-foshnja\/","title":{"rendered":"Tragjike n\u00eb Prizren! Banesa p\u00ebrfshihet nga flaket, humb jet\u00ebn foshnja"},"content":{"rendered":"<p>Nj\u00eb ngjarje r\u00ebnd\u00eb ka ndodhur dit\u00ebn e sotme n\u00eb Prizren, ku nj\u00eb banes\u00eb \u00ebsht\u00eb p\u00ebrfshir\u00eb nga flak\u00ebt.<\/p>\n<p>Sipas informacioneve paraprake, nj\u00eb banes\u00eb n\u00eb qend\u00ebr t\u00eb qytetit t\u00eb Prizrenit \u00ebsht\u00eb p\u00ebrfshir\u00eb nga flak\u00ebt, e cila u shkrumbuar plot\u00ebsisht.<\/p>\n<p>Si pasoj\u00eb e flak\u00ebve ka humbur jet\u00ebn nj\u00eb foshnje vet\u00ebm 1 vje\u00e7, nd\u00ebrsa tre f\u00ebmmij\u00ebt e tjer\u00eb t\u00eb familjes kan\u00eb shp\u00ebtuar mrekullisht.<\/p>\n<p>Nga pamjet e shp\u00ebrndara nga mediat kosovare, shihen se si zjarrfik\u00ebsit p\u00ebrpiqen t\u00eb v\u00ebn\u00eb n\u00ebn kontroll flak\u00ebt.<\/p>\n<div id=\"blogs-427129189\" class=\"blogs-after-content blogs-entity-placement\"><div id=\"div-gpt-ad-1770230601260-0\" style=\"width:300px; height:600px;\"><\/div><\/div><div id=\"blogs-4317082\" class=\"blogs-adsense-after-kontent blogs-entity-placement\"><script async src=\"https:\/\/pagead2.googlesyndication.com\/pagead\/js\/adsbygoogle.js\"\r\n     crossorigin=\"anonymous\"><\/script>\r\n<!-- Tiranaread -->\r\n<ins class=\"adsbygoogle\"\r\n     style=\"display:inline-block;width:728px;height:90px\"\r\n     data-ad-client=\"ca-pub-2355142065052501\"\r\n\t data-page-url=\"https:\/\/blogseyir.com\"\r\n     data-ad-slot=\"7464751963\"><\/ins>\r\n<script>\r\n     (adsbygoogle = window.adsbygoogle || []).push({});\r\n<\/script><\/div>","protected":false},"excerpt":{"rendered":"<p>Nj\u00eb ngjarje r\u00ebnd\u00eb ka ndodhur dit\u00ebn e sotme n\u00eb Prizren, ku nj\u00eb banes\u00eb \u00ebsht\u00eb p\u00ebrfshir\u00eb nga flak\u00ebt. Sipas informacioneve paraprake, nj\u00eb banes\u00eb n\u00eb qend\u00ebr t\u00eb qytetit t\u00eb Prizrenit \u00ebsht\u00eb p\u00ebrfshir\u00eb nga flak\u00ebt, e cila u shkrumbuar plot\u00ebsisht. Si pasoj\u00eb e flak\u00ebve ka humbur jet\u00ebn nj\u00eb foshnje vet\u00ebm 1 vje\u00e7, nd\u00ebrsa tre f\u00ebmmij\u00ebt e tjer\u00eb t\u00eb [&hellip;]<\/p>\n","protected":false},"author":1,"featured_media":38500,"comment_status":"open","ping_status":"closed","sticky":false,"template":"","format":"standard","meta":{"footnotes":""},"categories":[32],"tags":[910,40],"class_list":["post-38498","post","type-post","status-publish","format-standard","has-post-thumbnail","hentry","category-te-fundit","tag-prizren","tag-te-fundit"],"_links":{"self":[{"href":"https:\/\/blogseyir.com\/wp\/wp-json\/wp\/v2\/posts\/38498","targetHints":{"allow":["GET"]}}],"collection":[{"href":"https:\/\/blogseyir.com\/wp\/wp-json\/wp\/v2\/posts"}],"about":[{"href":"https:\/\/blogseyir.com\/wp\/wp-json\/wp\/v2\/types\/post"}],"author":[{"embeddable":true,"href":"https:\/\/blogseyir.com\/wp\/wp-json\/wp\/v2\/users\/1"}],"replies":[{"embeddable":true,"href":"https:\/\/blogseyir.com\/wp\/wp-json\/wp\/v2\/comments?post=38498"}],"version-history":[{"count":1,"href":"https:\/\/blogseyir.com\/wp\/wp-json\/wp\/v2\/posts\/38498\/revisions"}],"predecessor-version":[{"id":38499,"href":"https:\/\/blogseyir.com\/wp\/wp-json\/wp\/v2\/posts\/38498\/revisions\/38499"}],"wp:featuredmedia":[{"embeddable":true,"href":"https:\/\/blogseyir.com\/wp\/wp-json\/wp\/v2\/media\/38500"}],"wp:attachment":[{"href":"https:\/\/blogseyir.com\/wp\/wp-json\/wp\/v2\/media?parent=38498"}],"wp:term":[{"taxonomy":"category","embeddable":true,"href":"https:\/\/blogseyir.com\/wp\/wp-json\/wp\/v2\/categories?post=38498"},{"taxonomy":"post_tag","embeddable":true,"href":"https:\/\/blogseyir.com\/wp\/wp-json\/wp\/v2\/tags?post=38498"}],"curies":[{"name":"wp","href":"https:\/\/api.w.org\/{rel}","templated":true}]}}