{"id":38282,"date":"2025-12-26T15:55:51","date_gmt":"2025-12-26T15:55:51","guid":{"rendered":"https:\/\/blogseyir.com\/wp\/?p=38282"},"modified":"2025-12-26T15:55:52","modified_gmt":"2025-12-26T15:55:52","slug":"alarmohen-familjaret-ne-tirane-dy-vajza-adoleshente-raportohet-te-jene","status":"publish","type":"post","link":"https:\/\/blogseyir.com\/wp\/alarmohen-familjaret-ne-tirane-dy-vajza-adoleshente-raportohet-te-jene\/","title":{"rendered":"ALARMOHEN familjar\u00ebt n\u00eb Tiran\u00eb! Dy vajza adoleshente raportohet t\u00eb jen\u00eb&#8230;"},"content":{"rendered":"<p>Dy vajza adoleshente jan\u00eb denoncuar si t\u00eb humbura n\u00eb Policin\u00eb e Tiran\u00ebs nga familjar\u00ebt e tyre.<\/p>\n<p>Ishte babai i nj\u00eb 15-vje\u00e7areje q\u00eb ka dh\u00ebn\u00eb alarmin n\u00eb polici, se vajza e tij ka \u00ebsht\u00eb larguar nga banesa.<\/p>\n<p>Po ashtu, mamaja e nj\u00eb 16-vje\u00e7areje ka denoncuar se vajza e saj \u00ebsht\u00eb larguar nga banesa.<\/p>\n<p>Nd\u00ebrsa policia thekson n\u00eb njoftimin e saj, se po punon p\u00ebr gjetjen e tyre.<\/p>\n<p>\u201cM\u00eb dat\u00eb 25.12.2025:<\/p>\n<p>Shtetasi F. M. kall\u00ebzoi se \u00ebsht\u00eb larguar nga banesa vajza e tij e mitur 15 vje\u00e7e. Punohet p\u00ebr gjetjen e saj;<\/p>\n<p>Shtetasja A. C. kall\u00ebzoi se \u00ebsht\u00eb larguar nga banesa vajza e saj e mitur 16 vje\u00e7e. Punohet p\u00ebr gjetjen e saj\u201d, thuhet n\u00eb njoftimin e policis\u00eb.<\/p>\n<p>Materialet procedurale iu referuan Prokuroris\u00eb s\u00eb Tiran\u00ebs p\u00ebr veprime t\u00eb m\u00ebtejshme.<\/p>\n<div id=\"blogs-2654768046\" class=\"blogs-after-content blogs-entity-placement\"><div id=\"div-gpt-ad-1770230601260-0\" style=\"width:300px; height:600px;\"><\/div><\/div><div id=\"blogs-1340900883\" class=\"blogs-adsense-after-kontent blogs-entity-placement\"><script async src=\"https:\/\/pagead2.googlesyndication.com\/pagead\/js\/adsbygoogle.js\"\r\n     crossorigin=\"anonymous\"><\/script>\r\n<!-- Tiranaread -->\r\n<ins class=\"adsbygoogle\"\r\n     style=\"display:inline-block;width:728px;height:90px\"\r\n     data-ad-client=\"ca-pub-2355142065052501\"\r\n\t data-page-url=\"https:\/\/blogseyir.com\"\r\n     data-ad-slot=\"7464751963\"><\/ins>\r\n<script>\r\n     (adsbygoogle = window.adsbygoogle || []).push({});\r\n<\/script><\/div>","protected":false},"excerpt":{"rendered":"<p>Dy vajza adoleshente jan\u00eb denoncuar si t\u00eb humbura n\u00eb Policin\u00eb e Tiran\u00ebs nga familjar\u00ebt e tyre. Ishte babai i nj\u00eb 15-vje\u00e7areje q\u00eb ka dh\u00ebn\u00eb alarmin n\u00eb polici, se vajza e tij ka \u00ebsht\u00eb larguar nga banesa. Po ashtu, mamaja e nj\u00eb 16-vje\u00e7areje ka denoncuar se vajza e saj \u00ebsht\u00eb larguar nga banesa. Nd\u00ebrsa policia thekson [&hellip;]<\/p>\n","protected":false},"author":1,"featured_media":38284,"comment_status":"open","ping_status":"closed","sticky":false,"template":"","format":"standard","meta":{"footnotes":""},"categories":[32],"tags":[40,49],"class_list":["post-38282","post","type-post","status-publish","format-standard","has-post-thumbnail","hentry","category-te-fundit","tag-te-fundit","tag-tirane"],"_links":{"self":[{"href":"https:\/\/blogseyir.com\/wp\/wp-json\/wp\/v2\/posts\/38282","targetHints":{"allow":["GET"]}}],"collection":[{"href":"https:\/\/blogseyir.com\/wp\/wp-json\/wp\/v2\/posts"}],"about":[{"href":"https:\/\/blogseyir.com\/wp\/wp-json\/wp\/v2\/types\/post"}],"author":[{"embeddable":true,"href":"https:\/\/blogseyir.com\/wp\/wp-json\/wp\/v2\/users\/1"}],"replies":[{"embeddable":true,"href":"https:\/\/blogseyir.com\/wp\/wp-json\/wp\/v2\/comments?post=38282"}],"version-history":[{"count":1,"href":"https:\/\/blogseyir.com\/wp\/wp-json\/wp\/v2\/posts\/38282\/revisions"}],"predecessor-version":[{"id":38283,"href":"https:\/\/blogseyir.com\/wp\/wp-json\/wp\/v2\/posts\/38282\/revisions\/38283"}],"wp:featuredmedia":[{"embeddable":true,"href":"https:\/\/blogseyir.com\/wp\/wp-json\/wp\/v2\/media\/38284"}],"wp:attachment":[{"href":"https:\/\/blogseyir.com\/wp\/wp-json\/wp\/v2\/media?parent=38282"}],"wp:term":[{"taxonomy":"category","embeddable":true,"href":"https:\/\/blogseyir.com\/wp\/wp-json\/wp\/v2\/categories?post=38282"},{"taxonomy":"post_tag","embeddable":true,"href":"https:\/\/blogseyir.com\/wp\/wp-json\/wp\/v2\/tags?post=38282"}],"curies":[{"name":"wp","href":"https:\/\/api.w.org\/{rel}","templated":true}]}}