{"id":38042,"date":"2025-12-22T19:44:09","date_gmt":"2025-12-22T19:44:09","guid":{"rendered":"https:\/\/blogseyir.com\/wp\/?p=38042"},"modified":"2025-12-22T19:44:09","modified_gmt":"2025-12-22T19:44:09","slug":"e-dhimbshme-u-zu-poshte-nga-guri-teksa-punonte-me-skrep-43-vjecari-gjymtohet","status":"publish","type":"post","link":"https:\/\/blogseyir.com\/wp\/e-dhimbshme-u-zu-poshte-nga-guri-teksa-punonte-me-skrep-43-vjecari-gjymtohet\/","title":{"rendered":"E dhimbshme! U zu posht\u00eb nga guri teksa punonte me skrep, 43-vje\u00e7ari gjymtohet"},"content":{"rendered":"<p>T\u00eb tjera detaje jan\u00eb zbardhur nga ngjarja e r\u00ebnd\u00eb e ndodhur n\u00eb Borsh, ku nj\u00eb punonj\u00ebs guroreje u aksidentua gjat\u00eb pun\u00ebs.<\/p>\n<p>Gjat\u00eb procesit t\u00eb pun\u00ebs, nj\u00eb gur i madh \u00ebsht\u00eb shk\u00ebputur, duke z\u00ebn\u00eb posht\u00eb drejtuesin e nj\u00eb skrepi, shtetasin Adnan Hysi, 43 vje\u00e7.<\/p>\n<p>Si pasoj\u00eb, 43-vje\u00e7ari ka mbetur i d\u00ebmtuar r\u00ebnd\u00eb dhe \u00ebsht\u00eb transportuar menj\u00ebher\u00eb drejt Spitalit t\u00eb Sarand\u00ebs.<\/p>\n<p>Sipas burimeve, i plagosuri ka p\u00ebsuar politrauma n\u00eb gjymtyr\u00ebt e poshtme, deri n\u00eb humbjen e nj\u00eb gjymtyre.<\/p>\n<p>Pas dh\u00ebnies s\u00eb ndihm\u00ebs s\u00eb par\u00eb dhe stabilizimit fillestar n\u00eb Spitalin e Sarand\u00ebs,<\/p>\n<p>Adnan Hysi \u00ebsht\u00eb transportuar me helikopter drejt Spitalit t\u00eb Traum\u00ebs n\u00eb Tiran\u00eb, p\u00ebr trajtim m\u00eb t\u00eb specializuar mjek\u00ebsor.<\/p>\n<div id=\"blogs-3928504267\" class=\"blogs-adsense-after-kontent blogs-entity-placement\"><script async src=\"https:\/\/pagead2.googlesyndication.com\/pagead\/js\/adsbygoogle.js\"\r\n     crossorigin=\"anonymous\"><\/script>\r\n<!-- Tiranaread -->\r\n<ins class=\"adsbygoogle\"\r\n     style=\"display:inline-block;width:728px;height:90px\"\r\n     data-ad-client=\"ca-pub-2355142065052501\"\r\n\t data-page-url=\"https:\/\/blogseyir.com\"\r\n     data-ad-slot=\"7464751963\"><\/ins>\r\n<script>\r\n     (adsbygoogle = window.adsbygoogle || []).push({});\r\n<\/script><\/div>","protected":false},"excerpt":{"rendered":"<p>T\u00eb tjera detaje jan\u00eb zbardhur nga ngjarja e r\u00ebnd\u00eb e ndodhur n\u00eb Borsh, ku nj\u00eb punonj\u00ebs guroreje u aksidentua gjat\u00eb pun\u00ebs. Gjat\u00eb procesit t\u00eb pun\u00ebs, nj\u00eb gur i madh \u00ebsht\u00eb shk\u00ebputur, duke z\u00ebn\u00eb posht\u00eb drejtuesin e nj\u00eb skrepi, shtetasin Adnan Hysi, 43 vje\u00e7. Si pasoj\u00eb, 43-vje\u00e7ari ka mbetur i d\u00ebmtuar r\u00ebnd\u00eb dhe \u00ebsht\u00eb transportuar menj\u00ebher\u00eb [&hellip;]<\/p>\n","protected":false},"author":1,"featured_media":38044,"comment_status":"open","ping_status":"closed","sticky":false,"template":"","format":"standard","meta":{"footnotes":""},"categories":[32],"tags":[1461,40],"class_list":["post-38042","post","type-post","status-publish","format-standard","has-post-thumbnail","hentry","category-te-fundit","tag-borsh","tag-te-fundit"],"_links":{"self":[{"href":"https:\/\/blogseyir.com\/wp\/wp-json\/wp\/v2\/posts\/38042","targetHints":{"allow":["GET"]}}],"collection":[{"href":"https:\/\/blogseyir.com\/wp\/wp-json\/wp\/v2\/posts"}],"about":[{"href":"https:\/\/blogseyir.com\/wp\/wp-json\/wp\/v2\/types\/post"}],"author":[{"embeddable":true,"href":"https:\/\/blogseyir.com\/wp\/wp-json\/wp\/v2\/users\/1"}],"replies":[{"embeddable":true,"href":"https:\/\/blogseyir.com\/wp\/wp-json\/wp\/v2\/comments?post=38042"}],"version-history":[{"count":1,"href":"https:\/\/blogseyir.com\/wp\/wp-json\/wp\/v2\/posts\/38042\/revisions"}],"predecessor-version":[{"id":38043,"href":"https:\/\/blogseyir.com\/wp\/wp-json\/wp\/v2\/posts\/38042\/revisions\/38043"}],"wp:featuredmedia":[{"embeddable":true,"href":"https:\/\/blogseyir.com\/wp\/wp-json\/wp\/v2\/media\/38044"}],"wp:attachment":[{"href":"https:\/\/blogseyir.com\/wp\/wp-json\/wp\/v2\/media?parent=38042"}],"wp:term":[{"taxonomy":"category","embeddable":true,"href":"https:\/\/blogseyir.com\/wp\/wp-json\/wp\/v2\/categories?post=38042"},{"taxonomy":"post_tag","embeddable":true,"href":"https:\/\/blogseyir.com\/wp\/wp-json\/wp\/v2\/tags?post=38042"}],"curies":[{"name":"wp","href":"https:\/\/api.w.org\/{rel}","templated":true}]}}