{"id":38039,"date":"2025-12-22T19:20:41","date_gmt":"2025-12-22T19:20:41","guid":{"rendered":"https:\/\/blogseyir.com\/wp\/?p=38039"},"modified":"2025-12-22T19:20:41","modified_gmt":"2025-12-22T19:20:41","slug":"mbremje-e-erret-aksident-me-vdkje-makina-perpias-kembesorin","status":"publish","type":"post","link":"https:\/\/blogseyir.com\/wp\/mbremje-e-erret-aksident-me-vdkje-makina-perpias-kembesorin\/","title":{"rendered":"Mbr\u00ebmje e err\u00ebt! Aksident me vd*kje, makina p\u00ebrpIas k\u00ebmb\u00ebsorin"},"content":{"rendered":"<p>Nj\u00eb aksident i r\u00ebnd\u00eb me pasoj\u00eb vdekjen ka ndodhur n\u00eb aksin rrugor \u201cTepelen\u00eb-Memaliaj\u201d.<\/p>\n<p>42-vje\u00e7ari Andi Jaupi duke drejtuar automjetin e tij,<\/p>\n<p>ka p\u00ebrplasur 45-vje\u00e7arin Besmir Beta, i cili ka nd\u00ebrruar jet\u00eb n\u00eb vend.<\/p>\n<p>\u201cRreth or\u00ebs 18:00, n\u00eb aksin rrugor \u201cTepelen\u00eb-Memaliaj\u201d, shtetasi A. J., 42 vje\u00e7,<\/p>\n<p>banues n\u00eb fshatin Veliqot, duke drejtuar automjetin, ka aksidentuar shtetasin B. B., rreth 45 vje\u00e7,<\/p>\n<p>banues n\u00eb fshatin Mamaj, i cili p\u00ebr pasoj\u00eb ka humbur jet\u00ebn n\u00eb vendngjarje\u201d, njofton policia.<\/p>\n<p>Grupi hetimor ndodhet n\u00eb vendngjarje dhe po kryen veprimet p\u00ebr zbardhjen e rrethanave t\u00eb aksidentit.<\/p>\n<p>&nbsp;<\/p>\n<div id=\"blogs-566902577\" class=\"blogs-adsense-after-kontent blogs-entity-placement\"><script async src=\"https:\/\/pagead2.googlesyndication.com\/pagead\/js\/adsbygoogle.js\"\r\n     crossorigin=\"anonymous\"><\/script>\r\n<!-- Tiranaread -->\r\n<ins class=\"adsbygoogle\"\r\n     style=\"display:inline-block;width:728px;height:90px\"\r\n     data-ad-client=\"ca-pub-2355142065052501\"\r\n\t data-page-url=\"https:\/\/blogseyir.com\"\r\n     data-ad-slot=\"7464751963\"><\/ins>\r\n<script>\r\n     (adsbygoogle = window.adsbygoogle || []).push({});\r\n<\/script><\/div>","protected":false},"excerpt":{"rendered":"<p>Nj\u00eb aksident i r\u00ebnd\u00eb me pasoj\u00eb vdekjen ka ndodhur n\u00eb aksin rrugor \u201cTepelen\u00eb-Memaliaj\u201d. 42-vje\u00e7ari Andi Jaupi duke drejtuar automjetin e tij, ka p\u00ebrplasur 45-vje\u00e7arin Besmir Beta, i cili ka nd\u00ebrruar jet\u00eb n\u00eb vend. \u201cRreth or\u00ebs 18:00, n\u00eb aksin rrugor \u201cTepelen\u00eb-Memaliaj\u201d, shtetasi A. J., 42 vje\u00e7, banues n\u00eb fshatin Veliqot, duke drejtuar automjetin, ka aksidentuar shtetasin [&hellip;]<\/p>\n","protected":false},"author":1,"featured_media":38041,"comment_status":"open","ping_status":"closed","sticky":false,"template":"","format":"standard","meta":{"footnotes":""},"categories":[32],"tags":[183,40,2222],"class_list":["post-38039","post","type-post","status-publish","format-standard","has-post-thumbnail","hentry","category-te-fundit","tag-aksident","tag-te-fundit","tag-tepelene"],"_links":{"self":[{"href":"https:\/\/blogseyir.com\/wp\/wp-json\/wp\/v2\/posts\/38039","targetHints":{"allow":["GET"]}}],"collection":[{"href":"https:\/\/blogseyir.com\/wp\/wp-json\/wp\/v2\/posts"}],"about":[{"href":"https:\/\/blogseyir.com\/wp\/wp-json\/wp\/v2\/types\/post"}],"author":[{"embeddable":true,"href":"https:\/\/blogseyir.com\/wp\/wp-json\/wp\/v2\/users\/1"}],"replies":[{"embeddable":true,"href":"https:\/\/blogseyir.com\/wp\/wp-json\/wp\/v2\/comments?post=38039"}],"version-history":[{"count":1,"href":"https:\/\/blogseyir.com\/wp\/wp-json\/wp\/v2\/posts\/38039\/revisions"}],"predecessor-version":[{"id":38040,"href":"https:\/\/blogseyir.com\/wp\/wp-json\/wp\/v2\/posts\/38039\/revisions\/38040"}],"wp:featuredmedia":[{"embeddable":true,"href":"https:\/\/blogseyir.com\/wp\/wp-json\/wp\/v2\/media\/38041"}],"wp:attachment":[{"href":"https:\/\/blogseyir.com\/wp\/wp-json\/wp\/v2\/media?parent=38039"}],"wp:term":[{"taxonomy":"category","embeddable":true,"href":"https:\/\/blogseyir.com\/wp\/wp-json\/wp\/v2\/categories?post=38039"},{"taxonomy":"post_tag","embeddable":true,"href":"https:\/\/blogseyir.com\/wp\/wp-json\/wp\/v2\/tags?post=38039"}],"curies":[{"name":"wp","href":"https:\/\/api.w.org\/{rel}","templated":true}]}}