{"id":37574,"date":"2025-12-15T16:00:36","date_gmt":"2025-12-15T16:00:36","guid":{"rendered":"https:\/\/blogseyir.com\/wp\/?p=37574"},"modified":"2025-12-15T16:00:36","modified_gmt":"2025-12-15T16:00:36","slug":"bir-krve-familja-e-edi-kucit-reagon-ashper-pas-ofendimit-nga-kjo-banore","status":"publish","type":"post","link":"https:\/\/blogseyir.com\/wp\/bir-krve-familja-e-edi-kucit-reagon-ashper-pas-ofendimit-nga-kjo-banore\/","title":{"rendered":"\u201cBir k*rve\u201d, familja e Edi Ku\u00e7it reagon ashp\u00ebr pas ofendimit nga kjo banore"},"content":{"rendered":"<p>Nj\u00eb fest\u00eb dit\u00eblindjeje n\u00eb sht\u00ebpin\u00eb e \u201cBig Brother VIP Kosova 4\u201d \u00ebsht\u00eb kthyer n\u00eb nj\u00eb aren\u00eb ofendimesh t\u00eb r\u00ebnda, duke shkaktuar reagimin e menj\u00ebhersh\u00ebm t\u00eb familjes s\u00eb banorit Edi Ku\u00e7i.<\/p>\n<p>Gjat\u00eb fest\u00ebs s\u00eb organizuar p\u00ebr banoren Dolce, atmosfera \u00ebsht\u00eb tensionuar ndjesh\u00ebm kur Fjolla Morina ka shp\u00ebrthyer n\u00eb ofendime ndaj Edit, duke e etiketuar at\u00eb me fjalor banal si \u201cbir k*rve\u201d.<\/p>\n<p>Pas k\u00ebtij episodi, familja Ku\u00e7i ka publikuar nj\u00eb reagim zyrtar, duke e d\u00ebnuar sjelljen e Morin\u00ebs si \u201cgjuh\u00eb fyese dhe thell\u00ebsisht denigruese\u201d dhe duke i cil\u00ebsuar shprehjet e saj si t\u00eb papranueshme.<\/p>\n<p>N\u00eb deklarat\u00eb theksohet se Edi zgjodhi t\u00eb ruaj\u00eb vet\u00ebkontrollin p\u00ebr t\u00eb mos p\u00ebrshkall\u00ebzuar situat\u00ebn, nj\u00eb veprim q\u00eb familja e cil\u00ebson si akt dinjiteti dhe jo pranim t\u00eb fyerjes.<\/p>\n<p>Familja i ka b\u00ebr\u00eb thirrje publike \u201cV\u00ebllait t\u00eb Madh\u201d, duke k\u00ebrkuar q\u00eb ky rast t\u00eb trajtohet me seriozitet.<\/p>\n<p>\u201cK\u00ebrkojm\u00eb q\u00eb produksioni t\u00eb marr\u00eb masa t\u00eb p\u00ebrshtatshme, n\u00eb p\u00ebrputhje me rregulloren e formatit, p\u00ebr t\u00eb garantuar respektin, barazin\u00eb dhe dinjitetin e t\u00eb gjith\u00eb banor\u00ebve,\u201d thuhet n\u00eb letr\u00ebn e tyre publike.<\/p>\n<p><img loading=\"lazy\" decoding=\"async\" class=\"alignnone size-full wp-image-74\" src=\"https:\/\/post.gazetatirana.com\/wp-content\/uploads\/2025\/12\/8F2028A3-D5DE-403D-9621-FAF9FADDDD6C.webp\" alt=\"\" width=\"1265\" height=\"1900\" \/><\/p>\n<p>Mbetet p\u00ebr t\u2019u par\u00eb n\u00ebse produksioni do t\u00eb marr\u00eb masa disiplinore ndaj Fjolla Morin\u00ebs n\u00eb spektaklin e radh\u00ebs pas k\u00ebtij presioni publik.<\/p>\n<p>&nbsp;<\/p>\n<div id=\"blogs-277531835\" class=\"blogs-after-content blogs-entity-placement\"><div id=\"div-gpt-ad-1770230601260-0\" style=\"width:300px; height:600px;\"><\/div><\/div><div id=\"blogs-2522313291\" class=\"blogs-adsense-after-kontent blogs-entity-placement\"><script async src=\"https:\/\/pagead2.googlesyndication.com\/pagead\/js\/adsbygoogle.js\"\r\n     crossorigin=\"anonymous\"><\/script>\r\n<!-- Tiranaread -->\r\n<ins class=\"adsbygoogle\"\r\n     style=\"display:inline-block;width:728px;height:90px\"\r\n     data-ad-client=\"ca-pub-2355142065052501\"\r\n\t data-page-url=\"https:\/\/blogseyir.com\"\r\n     data-ad-slot=\"7464751963\"><\/ins>\r\n<script>\r\n     (adsbygoogle = window.adsbygoogle || []).push({});\r\n<\/script><\/div>","protected":false},"excerpt":{"rendered":"<p>Nj\u00eb fest\u00eb dit\u00eblindjeje n\u00eb sht\u00ebpin\u00eb e \u201cBig Brother VIP Kosova 4\u201d \u00ebsht\u00eb kthyer n\u00eb nj\u00eb aren\u00eb ofendimesh t\u00eb r\u00ebnda, duke shkaktuar reagimin e menj\u00ebhersh\u00ebm t\u00eb familjes s\u00eb banorit Edi Ku\u00e7i. Gjat\u00eb fest\u00ebs s\u00eb organizuar p\u00ebr banoren Dolce, atmosfera \u00ebsht\u00eb tensionuar ndjesh\u00ebm kur Fjolla Morina ka shp\u00ebrthyer n\u00eb ofendime ndaj Edit, duke e etiketuar at\u00eb me [&hellip;]<\/p>\n","protected":false},"author":1,"featured_media":37576,"comment_status":"open","ping_status":"closed","sticky":false,"template":"","format":"standard","meta":{"footnotes":""},"categories":[33],"tags":[1086,152],"class_list":["post-37574","post","type-post","status-publish","format-standard","has-post-thumbnail","hentry","category-showbizi","tag-bbvk4","tag-edi"],"_links":{"self":[{"href":"https:\/\/blogseyir.com\/wp\/wp-json\/wp\/v2\/posts\/37574","targetHints":{"allow":["GET"]}}],"collection":[{"href":"https:\/\/blogseyir.com\/wp\/wp-json\/wp\/v2\/posts"}],"about":[{"href":"https:\/\/blogseyir.com\/wp\/wp-json\/wp\/v2\/types\/post"}],"author":[{"embeddable":true,"href":"https:\/\/blogseyir.com\/wp\/wp-json\/wp\/v2\/users\/1"}],"replies":[{"embeddable":true,"href":"https:\/\/blogseyir.com\/wp\/wp-json\/wp\/v2\/comments?post=37574"}],"version-history":[{"count":1,"href":"https:\/\/blogseyir.com\/wp\/wp-json\/wp\/v2\/posts\/37574\/revisions"}],"predecessor-version":[{"id":37575,"href":"https:\/\/blogseyir.com\/wp\/wp-json\/wp\/v2\/posts\/37574\/revisions\/37575"}],"wp:featuredmedia":[{"embeddable":true,"href":"https:\/\/blogseyir.com\/wp\/wp-json\/wp\/v2\/media\/37576"}],"wp:attachment":[{"href":"https:\/\/blogseyir.com\/wp\/wp-json\/wp\/v2\/media?parent=37574"}],"wp:term":[{"taxonomy":"category","embeddable":true,"href":"https:\/\/blogseyir.com\/wp\/wp-json\/wp\/v2\/categories?post=37574"},{"taxonomy":"post_tag","embeddable":true,"href":"https:\/\/blogseyir.com\/wp\/wp-json\/wp\/v2\/tags?post=37574"}],"curies":[{"name":"wp","href":"https:\/\/api.w.org\/{rel}","templated":true}]}}