{"id":37565,"date":"2025-12-15T15:18:18","date_gmt":"2025-12-15T15:18:18","guid":{"rendered":"https:\/\/blogseyir.com\/wp\/?p=37565"},"modified":"2025-12-15T15:18:19","modified_gmt":"2025-12-15T15:18:19","slug":"tragjike-merr-flake-makina-nje-person-digjet-brenda-saj-ne-vendin-tone","status":"publish","type":"post","link":"https:\/\/blogseyir.com\/wp\/tragjike-merr-flake-makina-nje-person-digjet-brenda-saj-ne-vendin-tone\/","title":{"rendered":"Tragjike! Merr flak\u00eb makina, nj\u00eb person digjet brenda saj n\u00eb vendin ton\u00eb"},"content":{"rendered":"<p>Nj\u00eb ngjarje e r\u00ebnd\u00eb \u00ebsht\u00eb sh\u00ebnuar k\u00ebt\u00eb t\u00eb h\u00ebn\u00eb, ku nj\u00eb automjet tip BMW \u00ebsht\u00eb djegur n\u00eb Qaf\u00ebn e Llogaras\u00eb, n\u00eb zon\u00ebn q\u00eb t\u00eb \u00e7on drejt antenave.<\/p>\n<p>Brenda makin\u00ebs \u00ebsht\u00eb gjetur trupi i nj\u00eb personi t\u00eb djegur.<\/p>\n<p>N\u00eb vendngjarje kan\u00eb mb\u00ebrritur fillimisht sh\u00ebrbimet zjarrfik\u00ebse, t\u00eb cilat kan\u00eb b\u00ebr\u00eb t\u00eb mundur shuarjen e flak\u00ebve, nd\u00ebrsa automjeti \u00ebsht\u00eb shkrumbuar plot\u00ebsisht.<\/p>\n<p>Ngjarja ka ndodhur rreth or\u00ebs 14:35, nd\u00ebrsa viktima \u00ebsht\u00eb gjetur n\u00eb sediljen e drejtuesit t\u00eb mjetit.<\/p>\n<p>Si pasoj\u00eb e djegies totale, targa e mjetit nuk ka qen\u00eb e identifikueshme, nd\u00ebrsa dyshohet se e kan\u00eb vrar\u00eb dhe m\u00eb pas kan\u00eb djegur makin\u00ebn.<\/p>\n<p>N\u00eb vendngjarje ka mb\u00ebrritur edhe policia, e cila po kryen veprimet hetimore p\u00ebr zbardhjen e rrethanave t\u00eb ngjarjes.<\/p>\n<p>Njoftimi i policis\u00eb:<\/p>\n<p>Vlor\u00eb\/Informacion paraprak. Rreth or\u00ebs 14:35, pas nj\u00eb njoftimi t\u00eb marr\u00eb n\u00eb sall\u00ebn operative t\u00eb DVP Vlor\u00eb, sh\u00ebrbimet e Policis\u00eb jan\u00eb nisur drejt vendit t\u00eb quajtur \u201cQafa e Llogaras\u00eb\u201d,<\/p>\n<p>ku kan\u00eb konstatuar nj\u00eb automjet duke u djegur. Brenda automjetit dyshohet se si pasoj\u00eb e zjarrit, ka humbur jet\u00ebn dhe \u00ebsht\u00eb djegur nj\u00eb shtetas ende i paidentifikuar, n\u00eb sediljen e drejtuesit t\u00eb mjetit.<\/p>\n<p>Grupi hetimor ndodhet n\u00eb vendngjarje dhe vijon pun\u00ebn p\u00ebr identifikimin e viktim\u00ebs dhe p\u00ebr zbardhjen e plot\u00eb t\u00eb rrethanave t\u00eb k\u00ebsaj ngjarjeje.<\/p>\n<div id=\"blogs-1128716156\" class=\"blogs-adsense-after-kontent blogs-entity-placement\"><script async src=\"https:\/\/pagead2.googlesyndication.com\/pagead\/js\/adsbygoogle.js\"\r\n     crossorigin=\"anonymous\"><\/script>\r\n<!-- Tiranaread -->\r\n<ins class=\"adsbygoogle\"\r\n     style=\"display:inline-block;width:728px;height:90px\"\r\n     data-ad-client=\"ca-pub-2355142065052501\"\r\n\t data-page-url=\"https:\/\/blogseyir.com\"\r\n     data-ad-slot=\"7464751963\"><\/ins>\r\n<script>\r\n     (adsbygoogle = window.adsbygoogle || []).push({});\r\n<\/script><\/div>","protected":false},"excerpt":{"rendered":"<p>Nj\u00eb ngjarje e r\u00ebnd\u00eb \u00ebsht\u00eb sh\u00ebnuar k\u00ebt\u00eb t\u00eb h\u00ebn\u00eb, ku nj\u00eb automjet tip BMW \u00ebsht\u00eb djegur n\u00eb Qaf\u00ebn e Llogaras\u00eb, n\u00eb zon\u00ebn q\u00eb t\u00eb \u00e7on drejt antenave. Brenda makin\u00ebs \u00ebsht\u00eb gjetur trupi i nj\u00eb personi t\u00eb djegur. N\u00eb vendngjarje kan\u00eb mb\u00ebrritur fillimisht sh\u00ebrbimet zjarrfik\u00ebse, t\u00eb cilat kan\u00eb b\u00ebr\u00eb t\u00eb mundur shuarjen e flak\u00ebve, nd\u00ebrsa automjeti [&hellip;]<\/p>\n","protected":false},"author":1,"featured_media":37567,"comment_status":"open","ping_status":"closed","sticky":false,"template":"","format":"standard","meta":{"footnotes":""},"categories":[32],"tags":[2185,825,1279,40],"class_list":["post-37565","post","type-post","status-publish","format-standard","has-post-thumbnail","hentry","category-te-fundit","tag-digjet","tag-llogara","tag-makina","tag-te-fundit"],"_links":{"self":[{"href":"https:\/\/blogseyir.com\/wp\/wp-json\/wp\/v2\/posts\/37565","targetHints":{"allow":["GET"]}}],"collection":[{"href":"https:\/\/blogseyir.com\/wp\/wp-json\/wp\/v2\/posts"}],"about":[{"href":"https:\/\/blogseyir.com\/wp\/wp-json\/wp\/v2\/types\/post"}],"author":[{"embeddable":true,"href":"https:\/\/blogseyir.com\/wp\/wp-json\/wp\/v2\/users\/1"}],"replies":[{"embeddable":true,"href":"https:\/\/blogseyir.com\/wp\/wp-json\/wp\/v2\/comments?post=37565"}],"version-history":[{"count":1,"href":"https:\/\/blogseyir.com\/wp\/wp-json\/wp\/v2\/posts\/37565\/revisions"}],"predecessor-version":[{"id":37566,"href":"https:\/\/blogseyir.com\/wp\/wp-json\/wp\/v2\/posts\/37565\/revisions\/37566"}],"wp:featuredmedia":[{"embeddable":true,"href":"https:\/\/blogseyir.com\/wp\/wp-json\/wp\/v2\/media\/37567"}],"wp:attachment":[{"href":"https:\/\/blogseyir.com\/wp\/wp-json\/wp\/v2\/media?parent=37565"}],"wp:term":[{"taxonomy":"category","embeddable":true,"href":"https:\/\/blogseyir.com\/wp\/wp-json\/wp\/v2\/categories?post=37565"},{"taxonomy":"post_tag","embeddable":true,"href":"https:\/\/blogseyir.com\/wp\/wp-json\/wp\/v2\/tags?post=37565"}],"curies":[{"name":"wp","href":"https:\/\/api.w.org\/{rel}","templated":true}]}}